{"id":711,"date":"2016-05-01T17:21:02","date_gmt":"2016-05-01T16:21:02","guid":{"rendered":"http:\/\/agora.xtec.cat\/ceipprats\/?p=711"},"modified":"2016-05-25T11:17:31","modified_gmt":"2016-05-25T10:17:31","slug":"llegim-un-conte-creat-pels-alumnes-a-la-biblioteca-municipal","status":"publish","type":"post","link":"https:\/\/agora.xtec.cat\/ceipprats\/general\/llegim-un-conte-creat-pels-alumnes-a-la-biblioteca-municipal\/","title":{"rendered":"LLEGIM UN CONTE CREAT PELS ALUMNES A LA BIBLIOTECA MUNICIPAL"},"content":{"rendered":"<p><a href=\"http:\/\/agora.xtec.cat\/ceipprats\/wp-content\/uploads\/usu128\/2016\/05\/0001.jpg\"><img loading=\"lazy\" decoding=\"async\" class=\"  wp-image-712 alignleft\" src=\"http:\/\/agora.xtec.cat\/ceipprats\/wp-content\/uploads\/usu128\/2016\/05\/0001-724x1024.jpg\" alt=\"0001\" width=\"268\" height=\"379\" srcset=\"https:\/\/agora.xtec.cat\/ceipprats\/wp-content\/uploads\/usu128\/2016\/05\/0001-724x1024.jpg 724w, https:\/\/agora.xtec.cat\/ceipprats\/wp-content\/uploads\/usu128\/2016\/05\/0001-212x300.jpg 212w\" sizes=\"auto, (max-width: 268px) 100vw, 268px\" \/><\/a>Els alumnes de cicle iniciall, 4t i 6\u00e8 van anar a la biblioteca municipal per llegir un conte inventat pels alumnes de 4t dins del projecte &#8220;Contes per la Pau&#8221; de Lali Barenys.<\/p>\n<p>El conte titulat &#8220;Les aventures dels germans feli\u00e7os&#8221; intenta posar de manifest tota una s\u00e8rie de valors que ens ajuden a cr\u00e9ixer sans i feli\u00e7os.<\/p>\n<p>Tot i que els alumnes de 4t han imaginat i llegit el conte, els seus companys\/es de 6\u00e8 els han ajudat a redactar-lo i els alumnes de 1r i 2n n&#8217;han elaborat unes boniques il\u00b7lustracions utilitzant diferents t\u00e8cniques pl\u00e0stiques.<\/p>\n<p style=\"text-align: center;\"><img loading=\"lazy\" decoding=\"async\" class=\"alignnone\" src=\"https:\/\/lh4.googleusercontent.com\/-QYBy-SWehto\/VyNzkT7c30I\/AAAAAAAAjgo\/cH7-HiuPAYc96H1J4lOlgFBl7TNjiCAZACL0B\/w640-h480-no\/CIMG1413.JPG\" alt=\"\" width=\"484\" height=\"363\" \/><\/p>\n<p>El conte en format paper el podeu veure i llegir a la mateixa biblioteca on ser\u00e0 exposat durant uns quants dies.<\/p>\n<p>Tots els alumnes van llegir-lo molt b\u00e9! Podeu veure&#8217;n la presentaci\u00f3 i la lectura en aquest v\u00eddeo:<br \/>\n<iframe loading=\"lazy\" src=\"https:\/\/www.youtube.com\/embed\/QhgAoTfpWlg?rel=0\" width=\"500\" height=\"300\" frameborder=\"0\" allowfullscreen=\"allowfullscreen\"><\/iframe><\/p>\n","protected":false},"excerpt":{"rendered":"<p>Els alumnes de cicle iniciall, 4t i 6\u00e8 van anar a la biblioteca municipal per llegir un conte inventat pels alumnes de 4t dins del projecte &#8220;Contes per la Pau&#8221; de Lali Barenys. El conte titulat &#8220;Les aventures dels germans feli\u00e7os&#8221; intenta posar de manifest tota una s\u00e8rie de valors que ens ajuden a cr\u00e9ixer [&hellip;]<\/p>\n","protected":false},"author":1,"featured_media":713,"comment_status":"open","ping_status":"open","sticky":false,"template":"","format":"standard","meta":{"_bbp_topic_count":0,"_bbp_reply_count":0,"_bbp_total_topic_count":0,"_bbp_total_reply_count":0,"_bbp_voice_count":0,"_bbp_anonymous_reply_count":0,"_bbp_topic_count_hidden":0,"_bbp_reply_count_hidden":0,"_bbp_forum_subforum_count":0,"site-sidebar-layout":"default","site-content-layout":"","ast-site-content-layout":"","site-content-style":"default","site-sidebar-style":"default","ast-global-header-display":"","ast-banner-title-visibility":"","ast-main-header-display":"","ast-hfb-above-header-display":"","ast-hfb-below-header-display":"","ast-hfb-mobile-header-display":"","site-post-title":"","ast-breadcrumbs-content":"","ast-featured-img":"","footer-sml-layout":"","theme-transparent-header-meta":"","adv-header-id-meta":"","stick-header-meta":"","header-above-stick-meta":"","header-main-stick-meta":"","header-below-stick-meta":"","astra-migrate-meta-layouts":"default","ast-page-background-enabled":"default","ast-page-background-meta":{"desktop":{"background-color":"var(--ast-global-color-4)","background-image":"","background-repeat":"repeat","background-position":"center center","background-size":"auto","background-attachment":"scroll","background-type":"","background-media":"","overlay-type":"","overlay-color":"","overlay-opacity":"","overlay-gradient":""},"tablet":{"background-color":"","background-image":"","background-repeat":"repeat","background-position":"center center","background-size":"auto","background-attachment":"scroll","background-type":"","background-media":"","overlay-type":"","overlay-color":"","overlay-opacity":"","overlay-gradient":""},"mobile":{"background-color":"","background-image":"","background-repeat":"repeat","background-position":"center center","background-size":"auto","background-attachment":"scroll","background-type":"","background-media":"","overlay-type":"","overlay-color":"","overlay-opacity":"","overlay-gradient":""}},"ast-content-background-meta":{"desktop":{"background-color":"var(--ast-global-color-5)","background-image":"","background-repeat":"repeat","background-position":"center center","background-size":"auto","background-attachment":"scroll","background-type":"","background-media":"","overlay-type":"","overlay-color":"","overlay-opacity":"","overlay-gradient":""},"tablet":{"background-color":"var(--ast-global-color-5)","background-image":"","background-repeat":"repeat","background-position":"center center","background-size":"auto","background-attachment":"scroll","background-type":"","background-media":"","overlay-type":"","overlay-color":"","overlay-opacity":"","overlay-gradient":""},"mobile":{"background-color":"var(--ast-global-color-5)","background-image":"","background-repeat":"repeat","background-position":"center center","background-size":"auto","background-attachment":"scroll","background-type":"","background-media":"","overlay-type":"","overlay-color":"","overlay-opacity":"","overlay-gradient":""}},"footnotes":""},"categories":[48,1,4,51],"tags":[50,44],"class_list":["post-711","post","type-post","status-publish","format-standard","has-post-thumbnail","hentry","category-biblioteca","category-general","category-portada","category-projectes-descola","tag-biblioteca","tag-cicle-mitja"],"post_mailing_queue_ids":[],"_links":{"self":[{"href":"https:\/\/agora.xtec.cat\/ceipprats\/wp-json\/wp\/v2\/posts\/711","targetHints":{"allow":["GET"]}}],"collection":[{"href":"https:\/\/agora.xtec.cat\/ceipprats\/wp-json\/wp\/v2\/posts"}],"about":[{"href":"https:\/\/agora.xtec.cat\/ceipprats\/wp-json\/wp\/v2\/types\/post"}],"author":[{"embeddable":true,"href":"https:\/\/agora.xtec.cat\/ceipprats\/wp-json\/wp\/v2\/users\/1"}],"replies":[{"embeddable":true,"href":"https:\/\/agora.xtec.cat\/ceipprats\/wp-json\/wp\/v2\/comments?post=711"}],"version-history":[{"count":3,"href":"https:\/\/agora.xtec.cat\/ceipprats\/wp-json\/wp\/v2\/posts\/711\/revisions"}],"predecessor-version":[{"id":720,"href":"https:\/\/agora.xtec.cat\/ceipprats\/wp-json\/wp\/v2\/posts\/711\/revisions\/720"}],"wp:featuredmedia":[{"embeddable":true,"href":"https:\/\/agora.xtec.cat\/ceipprats\/wp-json\/wp\/v2\/media\/713"}],"wp:attachment":[{"href":"https:\/\/agora.xtec.cat\/ceipprats\/wp-json\/wp\/v2\/media?parent=711"}],"wp:term":[{"taxonomy":"category","embeddable":true,"href":"https:\/\/agora.xtec.cat\/ceipprats\/wp-json\/wp\/v2\/categories?post=711"},{"taxonomy":"post_tag","embeddable":true,"href":"https:\/\/agora.xtec.cat\/ceipprats\/wp-json\/wp\/v2\/tags?post=711"}],"curies":[{"name":"wp","href":"https:\/\/api.w.org\/{rel}","templated":true}]}}