{"id":1615,"date":"2017-06-14T10:28:30","date_gmt":"2017-06-14T08:28:30","guid":{"rendered":"http:\/\/agora.xtec.cat\/ceipprats\/?p=1615"},"modified":"2021-03-17T10:16:54","modified_gmt":"2021-03-17T09:16:54","slug":"videos-del-congres-de-ciencia-a-la-universitat","status":"publish","type":"post","link":"https:\/\/agora.xtec.cat\/ceipprats\/portada\/videos-del-congres-de-ciencia-a-la-universitat\/","title":{"rendered":"V\u00cdDEOS DEL CONGR\u00c9S DE CI\u00c8NCIA A LA UNIVERSITAT"},"content":{"rendered":"<p>Des del Centre de Recursos Educatius d&#8217;Osona ens han fet arribar els v\u00eddeos que van ser registrats durant la participaci\u00f3 dels alumnes de prim\u00e0ria de l&#8217;escola a la Universitat de Vic: Congr\u00e9s de Ci\u00e8ncia fet per Infants.<\/p>\n<p>En els v\u00eddeos podeu veure tot el que els nens i nenes de l&#8217;escola van experimentar i explicar durant el congr\u00e9s. Tots aquests treballs tamb\u00e9 es van presentar posteriorment a les fam\u00edlies al Casal de la Gent Gran de Prats.<\/p>\n<p>Us deixem amb els v\u00eddeos d&#8217;aquests fant\u00e0stics investigadors i conferenciants que ho van fer molt i molt b\u00e9 i que es mereixen una gran felicitaci\u00f3:<br \/>\n<strong><br \/>\nCICLE INICIAL: &#8220;<em>LES MIDES DEL NOSTRE COS<\/em>&#8220;<\/strong><\/p>\n<p><iframe loading=\"lazy\" src=\"https:\/\/www.youtube.com\/embed\/MLUnGvBh5vY?list=PLZEr43In6h412G03s9OgJfwMt-tJgg5ew\" width=\"560\" height=\"315\" frameborder=\"0\"><\/iframe><\/p>\n<p><strong>CICLE MITJ\u00c0: &#8220;<em>QUIN S\u00d2L RET\u00c9 M\u00c9S AIGUA? EL S\u00d2L DEL PATI O EL S\u00d2L DEL CAM\u00cd?<\/em>&#8220;<\/strong><\/p>\n<p><iframe loading=\"lazy\" src=\"https:\/\/www.youtube.com\/embed\/bOq-sC6RFjw?list=PLZEr43In6h412G03s9OgJfwMt-tJgg5ew\" width=\"560\" height=\"315\" frameborder=\"0\"><\/iframe><\/p>\n<p><strong>CICLE SUPERIOR: &#8220;<em>WE ARE A SUSTAINABLE COMMUNITY<\/em>&#8220;<\/strong><\/p>\n<p><iframe loading=\"lazy\" src=\"https:\/\/www.youtube.com\/embed\/kXRaO_8PMzQ?list=PLZEr43In6h412G03s9OgJfwMt-tJgg5ew\" width=\"560\" height=\"315\" frameborder=\"0\"><\/iframe><\/p>\n","protected":false},"excerpt":{"rendered":"<p>Des del Centre de Recursos Educatius d&#8217;Osona ens han fet arribar els v\u00eddeos que van ser registrats durant la participaci\u00f3 dels alumnes de prim\u00e0ria de l&#8217;escola a la Universitat de Vic: Congr\u00e9s de Ci\u00e8ncia fet per Infants. En els v\u00eddeos podeu veure tot el que els nens i nenes de l&#8217;escola van experimentar i explicar [&hellip;]<\/p>\n","protected":false},"author":1,"featured_media":1616,"comment_status":"open","ping_status":"closed","sticky":false,"template":"","format":"standard","meta":{"_bbp_topic_count":0,"_bbp_reply_count":0,"_bbp_total_topic_count":0,"_bbp_total_reply_count":0,"_bbp_voice_count":0,"_bbp_anonymous_reply_count":0,"_bbp_topic_count_hidden":0,"_bbp_reply_count_hidden":0,"_bbp_forum_subforum_count":0,"site-sidebar-layout":"default","site-content-layout":"","ast-site-content-layout":"","site-content-style":"default","site-sidebar-style":"default","ast-global-header-display":"","ast-banner-title-visibility":"","ast-main-header-display":"","ast-hfb-above-header-display":"","ast-hfb-below-header-display":"","ast-hfb-mobile-header-display":"","site-post-title":"","ast-breadcrumbs-content":"","ast-featured-img":"","footer-sml-layout":"","theme-transparent-header-meta":"","adv-header-id-meta":"","stick-header-meta":"","header-above-stick-meta":"","header-main-stick-meta":"","header-below-stick-meta":"","astra-migrate-meta-layouts":"default","ast-page-background-enabled":"default","ast-page-background-meta":{"desktop":{"background-color":"var(--ast-global-color-4)","background-image":"","background-repeat":"repeat","background-position":"center center","background-size":"auto","background-attachment":"scroll","background-type":"","background-media":"","overlay-type":"","overlay-color":"","overlay-opacity":"","overlay-gradient":""},"tablet":{"background-color":"","background-image":"","background-repeat":"repeat","background-position":"center center","background-size":"auto","background-attachment":"scroll","background-type":"","background-media":"","overlay-type":"","overlay-color":"","overlay-opacity":"","overlay-gradient":""},"mobile":{"background-color":"","background-image":"","background-repeat":"repeat","background-position":"center center","background-size":"auto","background-attachment":"scroll","background-type":"","background-media":"","overlay-type":"","overlay-color":"","overlay-opacity":"","overlay-gradient":""}},"ast-content-background-meta":{"desktop":{"background-color":"var(--ast-global-color-5)","background-image":"","background-repeat":"repeat","background-position":"center center","background-size":"auto","background-attachment":"scroll","background-type":"","background-media":"","overlay-type":"","overlay-color":"","overlay-opacity":"","overlay-gradient":""},"tablet":{"background-color":"var(--ast-global-color-5)","background-image":"","background-repeat":"repeat","background-position":"center center","background-size":"auto","background-attachment":"scroll","background-type":"","background-media":"","overlay-type":"","overlay-color":"","overlay-opacity":"","overlay-gradient":""},"mobile":{"background-color":"var(--ast-global-color-5)","background-image":"","background-repeat":"repeat","background-position":"center center","background-size":"auto","background-attachment":"scroll","background-type":"","background-media":"","overlay-type":"","overlay-color":"","overlay-opacity":"","overlay-gradient":""}},"footnotes":""},"categories":[4,51],"tags":[103],"class_list":["post-1615","post","type-post","status-publish","format-standard","has-post-thumbnail","hentry","category-portada","category-projectes-descola","tag-steamcat"],"post_mailing_queue_ids":[],"_links":{"self":[{"href":"https:\/\/agora.xtec.cat\/ceipprats\/wp-json\/wp\/v2\/posts\/1615","targetHints":{"allow":["GET"]}}],"collection":[{"href":"https:\/\/agora.xtec.cat\/ceipprats\/wp-json\/wp\/v2\/posts"}],"about":[{"href":"https:\/\/agora.xtec.cat\/ceipprats\/wp-json\/wp\/v2\/types\/post"}],"author":[{"embeddable":true,"href":"https:\/\/agora.xtec.cat\/ceipprats\/wp-json\/wp\/v2\/users\/1"}],"replies":[{"embeddable":true,"href":"https:\/\/agora.xtec.cat\/ceipprats\/wp-json\/wp\/v2\/comments?post=1615"}],"version-history":[{"count":2,"href":"https:\/\/agora.xtec.cat\/ceipprats\/wp-json\/wp\/v2\/posts\/1615\/revisions"}],"predecessor-version":[{"id":2939,"href":"https:\/\/agora.xtec.cat\/ceipprats\/wp-json\/wp\/v2\/posts\/1615\/revisions\/2939"}],"wp:featuredmedia":[{"embeddable":true,"href":"https:\/\/agora.xtec.cat\/ceipprats\/wp-json\/wp\/v2\/media\/1616"}],"wp:attachment":[{"href":"https:\/\/agora.xtec.cat\/ceipprats\/wp-json\/wp\/v2\/media?parent=1615"}],"wp:term":[{"taxonomy":"category","embeddable":true,"href":"https:\/\/agora.xtec.cat\/ceipprats\/wp-json\/wp\/v2\/categories?post=1615"},{"taxonomy":"post_tag","embeddable":true,"href":"https:\/\/agora.xtec.cat\/ceipprats\/wp-json\/wp\/v2\/tags?post=1615"}],"curies":[{"name":"wp","href":"https:\/\/api.w.org\/{rel}","templated":true}]}}