{"id":1164,"date":"2017-02-01T10:18:14","date_gmt":"2017-02-01T09:18:14","guid":{"rendered":"http:\/\/agora.xtec.cat\/ceipprats\/?p=1164"},"modified":"2017-02-02T20:53:12","modified_gmt":"2017-02-02T19:53:12","slug":"projecte-fonts-2016","status":"publish","type":"post","link":"https:\/\/agora.xtec.cat\/ceipprats\/projectes-descola\/apadrinem-el-patrimoni-projecte-fonts\/projecte-fonts-2016\/","title":{"rendered":"PROJECTE FONTS 2016"},"content":{"rendered":"<p>A l&#8217;escola participem al projecte: &#8220;APADRINEM LES FONTS&#8221;\u00a0 dins del programa <strong>&#8220;Apadrinem el nostre patrimoni&#8221; <\/strong>amb la col\u00b7laboraci\u00f3 de la plataforma<strong><em> LLU\u00c7AN\u00c8S VIU.<\/em><br \/>\n<\/strong><\/p>\n<p><img loading=\"lazy\" decoding=\"async\" class=\"alignnone size-large wp-image-1171\" src=\"http:\/\/agora.xtec.cat\/ceipprats\/wp-content\/uploads\/usu128\/2017\/02\/font2.jpg\" alt=\"font2\" width=\"900\" height=\"675\" srcset=\"https:\/\/agora.xtec.cat\/ceipprats\/wp-content\/uploads\/usu128\/2017\/02\/font2.jpg 900w, https:\/\/agora.xtec.cat\/ceipprats\/wp-content\/uploads\/usu128\/2017\/02\/font2-300x225.jpg 300w, https:\/\/agora.xtec.cat\/ceipprats\/wp-content\/uploads\/usu128\/2017\/02\/font2-768x576.jpg 768w, https:\/\/agora.xtec.cat\/ceipprats\/wp-content\/uploads\/usu128\/2017\/02\/font2-200x150.jpg 200w\" sizes=\"auto, (max-width: 900px) 100vw, 900px\" \/> <img loading=\"lazy\" decoding=\"async\" class=\"alignnone size-large wp-image-1172\" src=\"http:\/\/agora.xtec.cat\/ceipprats\/wp-content\/uploads\/usu128\/2017\/02\/font3.jpg\" alt=\"font3\" width=\"900\" height=\"675\" srcset=\"https:\/\/agora.xtec.cat\/ceipprats\/wp-content\/uploads\/usu128\/2017\/02\/font3.jpg 900w, https:\/\/agora.xtec.cat\/ceipprats\/wp-content\/uploads\/usu128\/2017\/02\/font3-300x225.jpg 300w, https:\/\/agora.xtec.cat\/ceipprats\/wp-content\/uploads\/usu128\/2017\/02\/font3-768x576.jpg 768w, https:\/\/agora.xtec.cat\/ceipprats\/wp-content\/uploads\/usu128\/2017\/02\/font3-200x150.jpg 200w\" sizes=\"auto, (max-width: 900px) 100vw, 900px\" \/><\/p>\n","protected":false},"excerpt":{"rendered":"<p>A l&#8217;escola participem al projecte: &#8220;APADRINEM LES FONTS&#8221;\u00a0 dins del programa &#8220;Apadrinem el nostre patrimoni&#8221; amb la col\u00b7laboraci\u00f3 de la plataforma LLU\u00c7AN\u00c8S VIU.<\/p>\n","protected":false},"author":1,"featured_media":1165,"comment_status":"open","ping_status":"open","sticky":false,"template":"","format":"standard","meta":{"_bbp_topic_count":0,"_bbp_reply_count":0,"_bbp_total_topic_count":0,"_bbp_total_reply_count":0,"_bbp_voice_count":0,"_bbp_anonymous_reply_count":0,"_bbp_topic_count_hidden":0,"_bbp_reply_count_hidden":0,"_bbp_forum_subforum_count":0,"site-sidebar-layout":"default","site-content-layout":"","ast-site-content-layout":"","site-content-style":"default","site-sidebar-style":"default","ast-global-header-display":"","ast-banner-title-visibility":"","ast-main-header-display":"","ast-hfb-above-header-display":"","ast-hfb-below-header-display":"","ast-hfb-mobile-header-display":"","site-post-title":"","ast-breadcrumbs-content":"","ast-featured-img":"","footer-sml-layout":"","theme-transparent-header-meta":"","adv-header-id-meta":"","stick-header-meta":"","header-above-stick-meta":"","header-main-stick-meta":"","header-below-stick-meta":"","astra-migrate-meta-layouts":"default","ast-page-background-enabled":"default","ast-page-background-meta":{"desktop":{"background-color":"var(--ast-global-color-4)","background-image":"","background-repeat":"repeat","background-position":"center center","background-size":"auto","background-attachment":"scroll","background-type":"","background-media":"","overlay-type":"","overlay-color":"","overlay-opacity":"","overlay-gradient":""},"tablet":{"background-color":"","background-image":"","background-repeat":"repeat","background-position":"center center","background-size":"auto","background-attachment":"scroll","background-type":"","background-media":"","overlay-type":"","overlay-color":"","overlay-opacity":"","overlay-gradient":""},"mobile":{"background-color":"","background-image":"","background-repeat":"repeat","background-position":"center center","background-size":"auto","background-attachment":"scroll","background-type":"","background-media":"","overlay-type":"","overlay-color":"","overlay-opacity":"","overlay-gradient":""}},"ast-content-background-meta":{"desktop":{"background-color":"var(--ast-global-color-5)","background-image":"","background-repeat":"repeat","background-position":"center center","background-size":"auto","background-attachment":"scroll","background-type":"","background-media":"","overlay-type":"","overlay-color":"","overlay-opacity":"","overlay-gradient":""},"tablet":{"background-color":"var(--ast-global-color-5)","background-image":"","background-repeat":"repeat","background-position":"center center","background-size":"auto","background-attachment":"scroll","background-type":"","background-media":"","overlay-type":"","overlay-color":"","overlay-opacity":"","overlay-gradient":""},"mobile":{"background-color":"var(--ast-global-color-5)","background-image":"","background-repeat":"repeat","background-position":"center center","background-size":"auto","background-attachment":"scroll","background-type":"","background-media":"","overlay-type":"","overlay-color":"","overlay-opacity":"","overlay-gradient":""}},"footnotes":""},"categories":[49,51],"tags":[],"class_list":["post-1164","post","type-post","status-publish","format-standard","has-post-thumbnail","hentry","category-apadrinem-el-patrimoni-projecte-fonts","category-projectes-descola"],"post_mailing_queue_ids":[],"_links":{"self":[{"href":"https:\/\/agora.xtec.cat\/ceipprats\/wp-json\/wp\/v2\/posts\/1164","targetHints":{"allow":["GET"]}}],"collection":[{"href":"https:\/\/agora.xtec.cat\/ceipprats\/wp-json\/wp\/v2\/posts"}],"about":[{"href":"https:\/\/agora.xtec.cat\/ceipprats\/wp-json\/wp\/v2\/types\/post"}],"author":[{"embeddable":true,"href":"https:\/\/agora.xtec.cat\/ceipprats\/wp-json\/wp\/v2\/users\/1"}],"replies":[{"embeddable":true,"href":"https:\/\/agora.xtec.cat\/ceipprats\/wp-json\/wp\/v2\/comments?post=1164"}],"version-history":[{"count":4,"href":"https:\/\/agora.xtec.cat\/ceipprats\/wp-json\/wp\/v2\/posts\/1164\/revisions"}],"predecessor-version":[{"id":1176,"href":"https:\/\/agora.xtec.cat\/ceipprats\/wp-json\/wp\/v2\/posts\/1164\/revisions\/1176"}],"wp:featuredmedia":[{"embeddable":true,"href":"https:\/\/agora.xtec.cat\/ceipprats\/wp-json\/wp\/v2\/media\/1165"}],"wp:attachment":[{"href":"https:\/\/agora.xtec.cat\/ceipprats\/wp-json\/wp\/v2\/media?parent=1164"}],"wp:term":[{"taxonomy":"category","embeddable":true,"href":"https:\/\/agora.xtec.cat\/ceipprats\/wp-json\/wp\/v2\/categories?post=1164"},{"taxonomy":"post_tag","embeddable":true,"href":"https:\/\/agora.xtec.cat\/ceipprats\/wp-json\/wp\/v2\/tags?post=1164"}],"curies":[{"name":"wp","href":"https:\/\/api.w.org\/{rel}","templated":true}]}}