{"id":1145,"date":"2016-12-21T18:00:52","date_gmt":"2016-12-21T17:00:52","guid":{"rendered":"http:\/\/agora.xtec.cat\/ceipprats\/?p=1145"},"modified":"2016-12-24T18:04:32","modified_gmt":"2016-12-24T17:04:32","slug":"cantada-de-nadales-a-la-residencia-i-al-centre-de-dia","status":"publish","type":"post","link":"https:\/\/agora.xtec.cat\/ceipprats\/portada\/cantada-de-nadales-a-la-residencia-i-al-centre-de-dia\/","title":{"rendered":"CANTADA DE NADALES A LA RESID\u00c8NCIA I AL CENTRE DE DIA"},"content":{"rendered":"<p>Durant aquesta \u00faltima setmana abans de les vacances de Nadal, els nens i nenes de Cicle Mitj\u00e0 van anar a cantar nadales al Centre de Dia i els alumnes de Cicle Superior a la Resid\u00e8ncia.<\/p>\n<p>Podeu veure les fotografies clicant sobre cadascuna de les imatges:<\/p>\n<p><a href=\"https:\/\/goo.gl\/photos\/8y1Q1n7RLJgZiVEX8\" target=\"_blank\"><img loading=\"lazy\" decoding=\"async\" class=\"\" src=\"https:\/\/lh3.googleusercontent.com\/cYiFXn4-wh_70M-ds7Mx2_8F-vOkcJl4cvz9guBAchKQaYMHCs9RwydyRKb7BbtPFDHl5fRomUWigGb7fEGlDDXoGXXLkiNIz3XFBsuDtnyfzOVouBiZwDYGLano7le4aTLfv3Wjca_qv4fVBVlzEywXgCrHN0gHJBwU5EPRd5ekxcxLbq_9uT0cAoWH-n6suXqfUF7TYthdXKDwDOfJ4seh0V3RGAIGvuIQbv7GXuJU-qxHHIm2h0zG_Pe0Jfa1SEwUeXSL5i6dfMRtmiJzkCFJlLLni9ICkKVh-LTbeFE8V6QUbUai_Y7WDU-UtOQ7Pl0_AtJ7yGPS0b-_CWgswfM0LlApFFSP7NAm107K0wKG6wZSe5qcCyS6ACCbqXCBzl5b29CC8lm6q-ZuqA0Nl-RVFTN5bjiEaLr7pfkAppEPaIYzr12XgH7ehtBTyIVy-oF4_yTM1R3uHtmp62yzEHV0T8cKhyxWytg312VTb9eDWYxeVwP-uqncAL_Fy3-xiphBr4iM_1_bbbvKfX_g1nrWTq-zqucp09jkYgbI6N4rm0Q1wYVhDUL-w6vetdVgHDcJUxRoX7N3K6dxpZ21eijPgp_0gR8vXkG1QMJ6ERB3sbmttIAqGARuXyUf32p5XgEJPHMNnh6DGRhUALEYkBp16xdSlLc0TjSYUOWMXg=w814-h610-no\" width=\"814\" height=\"610\" \/><\/a><\/p>\n<p><a href=\"https:\/\/goo.gl\/photos\/h3U3BWsnvo389wraA\" target=\"_blank\"><img loading=\"lazy\" decoding=\"async\" class=\"alignnone\" src=\"https:\/\/lh3.googleusercontent.com\/NnOgAQKZK-j7dQb9Vy41yXlrBnoU5oNAEHnyHpk-p1rBGA3dxXF1CP7Im_x3T98hj903oEnu2xAwPIbLnVjXoSFtfLEjHQ6mecxNqb5UiOlnG56jUvNyH4BMPCwap9UIAFp-YfYiZkjTfBnmsafPkI7BLsIZAwNRQgu3uOnr-PDx5Icz34d2poAmtKuYbh2baRgxb2_lHSp3-xPO1Vh7wbn3xMT3ahVkiB_31FR2227q0hPslvQB8NBxDZ_wk0xSR6FaliN7kBVN9fqKKJGZRxYzwE6XYdKj7NF6h1Qe3B-b84X1MPhzPzM1YqR79dRTnHCj6P2bWHyNMo8LGUPDZdnccqHO9pWoxAu9jMFCKoG_j1HE8Zx_Nh-1JP9gR0qqbiGynnSvvEl3Y8jBuXWBlErrKIUzaOXMLmeR7-6iQfH_WRTrJsWym7obN0rOOBuvLQ3X5KCWJ0-TpkFGn1bNVucITEUPsqmtyisuQZvVyF2G9Yzpq-YJ94_R-JohhvKnEOR1aHkC6rb3uTdQj96HG7lHUKuQG1bNE0sW4cyuCF3yyeHBYrm24OB7HMdUf-oQpVDqgoxF7ynMcpW2fKinB05s7-HmBExwD6HkhIpj4AxAZkg67V5SkLE0OFD8zL-EF9XeUMCbgR6drD7uMlnMCId5vRS1eJCJPf0YtYdl-Q=w814-h610-no\" width=\"814\" height=\"610\" \/><\/a><\/p>\n<p>&nbsp;<\/p>\n","protected":false},"excerpt":{"rendered":"<p>Durant aquesta \u00faltima setmana abans de les vacances de Nadal, els nens i nenes de Cicle Mitj\u00e0 van anar a cantar nadales al Centre de Dia i els alumnes de Cicle Superior a la Resid\u00e8ncia. Podeu veure les fotografies clicant sobre cadascuna de les imatges: &nbsp;<\/p>\n","protected":false},"author":1,"featured_media":0,"comment_status":"open","ping_status":"open","sticky":false,"template":"","format":"standard","meta":{"_bbp_topic_count":0,"_bbp_reply_count":0,"_bbp_total_topic_count":0,"_bbp_total_reply_count":0,"_bbp_voice_count":0,"_bbp_anonymous_reply_count":0,"_bbp_topic_count_hidden":0,"_bbp_reply_count_hidden":0,"_bbp_forum_subforum_count":0,"site-sidebar-layout":"default","site-content-layout":"","ast-site-content-layout":"","site-content-style":"default","site-sidebar-style":"default","ast-global-header-display":"","ast-banner-title-visibility":"","ast-main-header-display":"","ast-hfb-above-header-display":"","ast-hfb-below-header-display":"","ast-hfb-mobile-header-display":"","site-post-title":"","ast-breadcrumbs-content":"","ast-featured-img":"","footer-sml-layout":"","theme-transparent-header-meta":"","adv-header-id-meta":"","stick-header-meta":"","header-above-stick-meta":"","header-main-stick-meta":"","header-below-stick-meta":"","astra-migrate-meta-layouts":"default","ast-page-background-enabled":"default","ast-page-background-meta":{"desktop":{"background-color":"var(--ast-global-color-4)","background-image":"","background-repeat":"repeat","background-position":"center center","background-size":"auto","background-attachment":"scroll","background-type":"","background-media":"","overlay-type":"","overlay-color":"","overlay-opacity":"","overlay-gradient":""},"tablet":{"background-color":"","background-image":"","background-repeat":"repeat","background-position":"center center","background-size":"auto","background-attachment":"scroll","background-type":"","background-media":"","overlay-type":"","overlay-color":"","overlay-opacity":"","overlay-gradient":""},"mobile":{"background-color":"","background-image":"","background-repeat":"repeat","background-position":"center center","background-size":"auto","background-attachment":"scroll","background-type":"","background-media":"","overlay-type":"","overlay-color":"","overlay-opacity":"","overlay-gradient":""}},"ast-content-background-meta":{"desktop":{"background-color":"var(--ast-global-color-5)","background-image":"","background-repeat":"repeat","background-position":"center center","background-size":"auto","background-attachment":"scroll","background-type":"","background-media":"","overlay-type":"","overlay-color":"","overlay-opacity":"","overlay-gradient":""},"tablet":{"background-color":"var(--ast-global-color-5)","background-image":"","background-repeat":"repeat","background-position":"center center","background-size":"auto","background-attachment":"scroll","background-type":"","background-media":"","overlay-type":"","overlay-color":"","overlay-opacity":"","overlay-gradient":""},"mobile":{"background-color":"var(--ast-global-color-5)","background-image":"","background-repeat":"repeat","background-position":"center center","background-size":"auto","background-attachment":"scroll","background-type":"","background-media":"","overlay-type":"","overlay-color":"","overlay-opacity":"","overlay-gradient":""}},"footnotes":""},"categories":[4],"tags":[],"class_list":["post-1145","post","type-post","status-publish","format-standard","hentry","category-portada"],"post_mailing_queue_ids":[],"_links":{"self":[{"href":"https:\/\/agora.xtec.cat\/ceipprats\/wp-json\/wp\/v2\/posts\/1145","targetHints":{"allow":["GET"]}}],"collection":[{"href":"https:\/\/agora.xtec.cat\/ceipprats\/wp-json\/wp\/v2\/posts"}],"about":[{"href":"https:\/\/agora.xtec.cat\/ceipprats\/wp-json\/wp\/v2\/types\/post"}],"author":[{"embeddable":true,"href":"https:\/\/agora.xtec.cat\/ceipprats\/wp-json\/wp\/v2\/users\/1"}],"replies":[{"embeddable":true,"href":"https:\/\/agora.xtec.cat\/ceipprats\/wp-json\/wp\/v2\/comments?post=1145"}],"version-history":[{"count":1,"href":"https:\/\/agora.xtec.cat\/ceipprats\/wp-json\/wp\/v2\/posts\/1145\/revisions"}],"predecessor-version":[{"id":1146,"href":"https:\/\/agora.xtec.cat\/ceipprats\/wp-json\/wp\/v2\/posts\/1145\/revisions\/1146"}],"wp:attachment":[{"href":"https:\/\/agora.xtec.cat\/ceipprats\/wp-json\/wp\/v2\/media?parent=1145"}],"wp:term":[{"taxonomy":"category","embeddable":true,"href":"https:\/\/agora.xtec.cat\/ceipprats\/wp-json\/wp\/v2\/categories?post=1145"},{"taxonomy":"post_tag","embeddable":true,"href":"https:\/\/agora.xtec.cat\/ceipprats\/wp-json\/wp\/v2\/tags?post=1145"}],"curies":[{"name":"wp","href":"https:\/\/api.w.org\/{rel}","templated":true}]}}