{"id":1100,"date":"2016-11-24T21:53:55","date_gmt":"2016-11-24T20:53:55","guid":{"rendered":"http:\/\/agora.xtec.cat\/ceipprats\/?p=1100"},"modified":"2016-11-24T22:21:06","modified_gmt":"2016-11-24T21:21:06","slug":"taller-sobre-els-plastics-el-seu-us-i-el-reciclatge","status":"publish","type":"post","link":"https:\/\/agora.xtec.cat\/ceipprats\/portada\/taller-sobre-els-plastics-el-seu-us-i-el-reciclatge\/","title":{"rendered":"TALLER SOBRE ELS PL\u00c0STICS, EL SEU \u00daS I EL RECICLATGE"},"content":{"rendered":"<p>Dins la Setmana Europea de la Prevenci\u00f3 de Residus, l&#8217;Elisenda Cirera, doctorada en qu\u00edmica, ha vingut a l&#8217;escola per explicar-nos de manera molt divertida, entenedora i adaptada als infants, els diferents tipus de pl\u00e0stic que hi ha al mercat, la seva proced\u00e8ncia, el seu \u00fas i la manera com es poden reutilitzar.<\/p>\n<p><img loading=\"lazy\" decoding=\"async\" class=\"alignnone\" src=\"https:\/\/lh3.googleusercontent.com\/XGgj8ZYJpXvhMzBmggfaYpD-G-EW6S4UN0uszereJIuANUw68x86RSvq5pnR6WT3GlDPfgu3koG1SZ9uKfhPhz1hGxhMy8jjPhcsUotNUEpUDxHldYvy-x0wsPHAGHG3NHsmX6cog4aXsZal6jzjM7RRvFLxgYEDYC7wdko-E4-5DRsYZS6JJ8nnUXjlxbO0YQG2G9edacz-L2xTZCkxi2dwdnsjf3YelFP-3o_SNAO-IXQw_f61nO9ptWBkUqbaj91TqYbp_3Ydv5qE9KkPgrwxvlihHFOgM_IysKr6bt-hh5yaK2kbkOgC84VQKsbcDjXAK1ZF53zsvjKdN82j7O9k5LyBfOlJ6uRhlLs0MVJWnnBFtK_uqqQhDKt336SLUVQ7W_TXrhDt5bf7g8XJ4_g-u8KPJSkekOG8QFxReouBxvzDi63Y6qHmN5v8TjaBWT_j24irMWFDF1At7LgwiOg6klNkQsWF-oKpcJcjzhxrdkc48TH-FAFrzcMeRXtEoYCLN83b0_pJSx44clDXWYEOcnguBrqksb5lvIB872wKoGXr8F7WHCJu8W6TxMGRcvkKmeOeK6nwM30p0R03coUHW1o8Wh7K2DZD56M4aJqbTF43=w1085-h610-no\" width=\"1085\" height=\"610\" \/><\/p>\n<p>Els m\u00e9s petits ho han apr\u00e8s a trav\u00e9s d&#8217;un conte i, els m\u00e9s grans, a partir d&#8217;una explicaci\u00f3 i d&#8217;una pr\u00e0ctica que ha perm\u00e8s veure els perills de no reciclar correctament els envasos de pl\u00e0stic i la manera com els hi podem donar una segona vida. Al final, hem construit una petita estructura de diferents tipus de pl\u00e0stic que hem classificat i analitzat i que trobareu a l&#8217;entrada de l&#8217;escola.<\/p>\n<p><img loading=\"lazy\" decoding=\"async\" class=\"alignnone\" src=\"https:\/\/lh3.googleusercontent.com\/5hfXaf5z53o-vCy63kM_7AfQDDxrS1dG5yuRcFDBXt9mEnNPDUm4L_KwogRFOcW5gUWmtLHAZmTOEhzA0cJCGKYz70BZ9TWZNgiaexs0G74jYpQzl-a4D8VTitJ-e-MmmKQdMJeytlgEBGPH3y8uJS2b0U1YFrK9X09FVWwS7p2LvOM_0vTozNi1e6XzYRbx74DRCUDI7LvrN7guLRBhq4Oj0gB0CSPbMe5d5cF9FYPIycB9YuW09OYlQ6qSMkryAVU8IOA6hc8elYPLp__uBvQjg18h20agZkiPBCnUzeK-xFQmhIjZSOP_2mmlNOZNbXF6MK1D-LO47yBo_7wq9AubWj28T-uLjEflKk3snbAopqiOpPZ4NnE8-kOh44ZNQ5ciDDPxGQD3eBxZ5urLia_ii87rfuIgQo6T0cfvpk21HHAlXbxBBzNRV9JCB9lx6GLqCiHHOPI4xy4LyqDJ0NsPwMxFXbFXhbchQ3cY-ptJR9G3koegv7F0nAufJCeo1bJZsxOMqlXoURkEEcW2IoFONz8otLiOqcoXwOA3nlqpdytr1yPaetxYt2T-SpTfHWc-n0BjFjPcEcJD5ollpOoHJOtrSDrlIv7XILTK8YyN4yd2=w1085-h610-no\" width=\"1085\" height=\"610\" \/><\/p>\n<p><img loading=\"lazy\" decoding=\"async\" class=\"alignnone\" src=\"https:\/\/lh3.googleusercontent.com\/YtmBGclKpyUhBlEZys3jy3fngPRSZNPa3NBE4Rb7IxPsY-vBN49eRM1zRqql_qag3gBcCBCtKr2Yvg_7WOQPYqWGuMC9ybCX3f2uex7JHScqXbdqVyhS6LyZpLKXtiKGKXqQyQBq7a2sU2oUVATAkJR-eoUkg6bgyp1fPknYYihd8eSNJZcv9FRiDSR5Pl3lAgjhTf2rz8F2UK8T78uyUQTYfYYIiGLq3QSLTZTceek9AMPSNe1VQkn1KPD4TEwcQDFiOoLUrN5uIJTn3rOq2U--JXgOMh2Orq_FO8ZHxuE60el8VDLhlPgdGNAnU97XQp0J0jT7h022dVBJuY-go88HBUZiWuFx7N-23QcDVBnvQURdTmR_C_sxahnybALYSOwXKZB3rt0CGSq16awv4QSpU6mxLhjuWxs8Fu6yn9vcmq-jp2qpA6Dop-VzfNj1IS8GxtVaxPyeRiPXNrPyoT7AZiZ6PGF60qJSNWhQsWygZg_1Uvephh5DBnEjg5kqNBEHfFz9QrwGlW3r3RToiSvixtqVoCO_MQjnUbi6yQiydOvBpy49a67XXlZOMBC4cFtLEReU7dM8W2HSYYPqFDwk2crDnCxwNRkWtMEVOBck6i_d=w1085-h610-no\" width=\"1085\" height=\"610\" \/><\/p>\n<p>En aquest v\u00eddeo d&#8217;Espai Terra de TV3 tamb\u00e9 expliquen els problemes que pot causar el pl\u00e0stic en els \u00e9ssers vius i el planeta tal i com ens ha explicat tamb\u00e9 l&#8217;Elisenda:<br \/>\n<iframe loading=\"lazy\" src=\"http:\/\/www.ccma.cat\/video\/embed\/5633744\" allowfullscreen scrolling=\"no\" frameborder=\"0\" width=\"500px\" height=\"281px\"><\/iframe><\/p>\n<p><strong>Gr\u00e0cies Elisenda per la teva visita i la fant\u00e0stica explicaci\u00f3!<\/strong><\/p>\n","protected":false},"excerpt":{"rendered":"<p>Dins la Setmana Europea de la Prevenci\u00f3 de Residus, l&#8217;Elisenda Cirera, doctorada en qu\u00edmica, ha vingut a l&#8217;escola per explicar-nos de manera molt divertida, entenedora i adaptada als infants, els diferents tipus de pl\u00e0stic que hi ha al mercat, la seva proced\u00e8ncia, el seu \u00fas i la manera com es poden reutilitzar. Els m\u00e9s petits [&hellip;]<\/p>\n","protected":false},"author":1,"featured_media":1102,"comment_status":"open","ping_status":"open","sticky":false,"template":"","format":"standard","meta":{"_bbp_topic_count":0,"_bbp_reply_count":0,"_bbp_total_topic_count":0,"_bbp_total_reply_count":0,"_bbp_voice_count":0,"_bbp_anonymous_reply_count":0,"_bbp_topic_count_hidden":0,"_bbp_reply_count_hidden":0,"_bbp_forum_subforum_count":0,"site-sidebar-layout":"default","site-content-layout":"","ast-site-content-layout":"","site-content-style":"default","site-sidebar-style":"default","ast-global-header-display":"","ast-banner-title-visibility":"","ast-main-header-display":"","ast-hfb-above-header-display":"","ast-hfb-below-header-display":"","ast-hfb-mobile-header-display":"","site-post-title":"","ast-breadcrumbs-content":"","ast-featured-img":"","footer-sml-layout":"","theme-transparent-header-meta":"","adv-header-id-meta":"","stick-header-meta":"","header-above-stick-meta":"","header-main-stick-meta":"","header-below-stick-meta":"","astra-migrate-meta-layouts":"default","ast-page-background-enabled":"default","ast-page-background-meta":{"desktop":{"background-color":"var(--ast-global-color-4)","background-image":"","background-repeat":"repeat","background-position":"center center","background-size":"auto","background-attachment":"scroll","background-type":"","background-media":"","overlay-type":"","overlay-color":"","overlay-opacity":"","overlay-gradient":""},"tablet":{"background-color":"","background-image":"","background-repeat":"repeat","background-position":"center center","background-size":"auto","background-attachment":"scroll","background-type":"","background-media":"","overlay-type":"","overlay-color":"","overlay-opacity":"","overlay-gradient":""},"mobile":{"background-color":"","background-image":"","background-repeat":"repeat","background-position":"center center","background-size":"auto","background-attachment":"scroll","background-type":"","background-media":"","overlay-type":"","overlay-color":"","overlay-opacity":"","overlay-gradient":""}},"ast-content-background-meta":{"desktop":{"background-color":"var(--ast-global-color-5)","background-image":"","background-repeat":"repeat","background-position":"center center","background-size":"auto","background-attachment":"scroll","background-type":"","background-media":"","overlay-type":"","overlay-color":"","overlay-opacity":"","overlay-gradient":""},"tablet":{"background-color":"var(--ast-global-color-5)","background-image":"","background-repeat":"repeat","background-position":"center center","background-size":"auto","background-attachment":"scroll","background-type":"","background-media":"","overlay-type":"","overlay-color":"","overlay-opacity":"","overlay-gradient":""},"mobile":{"background-color":"var(--ast-global-color-5)","background-image":"","background-repeat":"repeat","background-position":"center center","background-size":"auto","background-attachment":"scroll","background-type":"","background-media":"","overlay-type":"","overlay-color":"","overlay-opacity":"","overlay-gradient":""}},"footnotes":""},"categories":[15,77,4],"tags":[],"class_list":["post-1100","post","type-post","status-publish","format-standard","has-post-thumbnail","hentry","category-cicle-superior","category-erasmus","category-portada"],"post_mailing_queue_ids":[],"_links":{"self":[{"href":"https:\/\/agora.xtec.cat\/ceipprats\/wp-json\/wp\/v2\/posts\/1100","targetHints":{"allow":["GET"]}}],"collection":[{"href":"https:\/\/agora.xtec.cat\/ceipprats\/wp-json\/wp\/v2\/posts"}],"about":[{"href":"https:\/\/agora.xtec.cat\/ceipprats\/wp-json\/wp\/v2\/types\/post"}],"author":[{"embeddable":true,"href":"https:\/\/agora.xtec.cat\/ceipprats\/wp-json\/wp\/v2\/users\/1"}],"replies":[{"embeddable":true,"href":"https:\/\/agora.xtec.cat\/ceipprats\/wp-json\/wp\/v2\/comments?post=1100"}],"version-history":[{"count":2,"href":"https:\/\/agora.xtec.cat\/ceipprats\/wp-json\/wp\/v2\/posts\/1100\/revisions"}],"predecessor-version":[{"id":1106,"href":"https:\/\/agora.xtec.cat\/ceipprats\/wp-json\/wp\/v2\/posts\/1100\/revisions\/1106"}],"wp:featuredmedia":[{"embeddable":true,"href":"https:\/\/agora.xtec.cat\/ceipprats\/wp-json\/wp\/v2\/media\/1102"}],"wp:attachment":[{"href":"https:\/\/agora.xtec.cat\/ceipprats\/wp-json\/wp\/v2\/media?parent=1100"}],"wp:term":[{"taxonomy":"category","embeddable":true,"href":"https:\/\/agora.xtec.cat\/ceipprats\/wp-json\/wp\/v2\/categories?post=1100"},{"taxonomy":"post_tag","embeddable":true,"href":"https:\/\/agora.xtec.cat\/ceipprats\/wp-json\/wp\/v2\/tags?post=1100"}],"curies":[{"name":"wp","href":"https:\/\/api.w.org\/{rel}","templated":true}]}}