{"id":1024,"date":"2016-10-26T13:37:18","date_gmt":"2016-10-26T11:37:18","guid":{"rendered":"http:\/\/agora.xtec.cat\/ceipprats\/?p=1024"},"modified":"2016-10-26T13:38:24","modified_gmt":"2016-10-26T11:38:24","slug":"taller-sobre-els-recursos-naturals-i-el-canvi-climatic","status":"publish","type":"post","link":"https:\/\/agora.xtec.cat\/ceipprats\/general\/taller-sobre-els-recursos-naturals-i-el-canvi-climatic\/","title":{"rendered":"TALLER SOBRE ELS RECURSOS NATURALS I EL CANVI CLIM\u00c0TIC"},"content":{"rendered":"<p>El dimarts 25 d\u2019octubre els alumnes de cicle mitj\u00e0 vam fer un taller a c\u00e0rrec de la Diputaci\u00f3 sobre mediambient.<\/p>\n<p>En aquest taller hem apr\u00e8s moltes coses i ara us ho volem explicar. \u00c9s molt important que entre tots fem el possible per reduir el consum, reutilitzar i reciclar b\u00e9.\u00a0 (Clicant sobre la fotografia podreu accedir a l&#8217;\u00e0lbum de les imatges del Taller)<\/p>\n<figure style=\"width: 1217px\" class=\"wp-caption alignnone\"><a href=\"https:\/\/goo.gl\/photos\/j6sek7Fz9hRXNQeg9\" target=\"_blank\"><img loading=\"lazy\" decoding=\"async\" class=\"\" src=\"https:\/\/lh3.googleusercontent.com\/PDA9Zqab0uhMMi6RfFG1DruveYkA32lGQTL1NW_wsc-eAYGWheI2GyDxuZ46vIgIdQMf1JQ-weXiDYNW5L-NIHT3I8LunM1N5O5AKnEHd1EZJabf5sReW4gUiShQBwYrozA6RhyqP1nEjwN2pS3McYjPew7oLzrxZbLKX1haYIvAbogDIvY7C0azEVK9VAs_XtuGpmTdJwCgZ9IIuqVs50PN6hna19CoTxoar69NCCAbcJg25zsP5DbFfThOoLuR7lQS8umIeTawQrIjsdpWIrE7fTrmg3HSXh2R2zJLaYDcAJUE9cAx5fBtjLItMuuPOhEEHQIYiaJIYmk3Ysg3KDmXmB2tI0a7u6HTyCLYOmLECv7msxt6Mx07hftNnPxaUT0fsPhuwYLRJEfwJl1O8QvcqA66TE3Pt3aTfe4TNVnQfx39Q2ODSy_xH1law5qQji4lnLeAhmGRmMUxpOV6WOLso9nvTevJxRpVOCncU6zIlB4oxVMh4uoqfdAOOOevDJ8i2h7NVS8-hg_ZWBqV47YEpN_PYbWuTYVwollgtk0tZt5MTcSEBJUVnHx0Ehg7YDOADhuPJqGOj3Hi2q8sTgbKMpSD_3Kzg-WN9fwnnXWP9X0U=w1218-h913-no\" width=\"1217\" height=\"913\" \/><\/a><figcaption class=\"wp-caption-text\">Moment del taller a la biblioteca de l&#8217;escola<\/figcaption><\/figure>\n<p>Hem apr\u00e8s que :<\/p>\n<ul>\n<li>S: Un recurs natural \u00e9s all\u00f2 que prov\u00e9 de la natura i no ha estat manipulat pels humans. Ex: aigua, vent, sol, petroli, llana,<\/li>\n<li>M:Ens van fer diferenciar entre els recursos naturals i els que no ho s\u00f3n. Per exemple recursos no naturals s\u00f3n: llauna, taula, casa, \u2026<\/li>\n<li>P: Ens han explicat que els recursos naturals es poden esgotar si hi ha una gran despesa.<\/li>\n<li>J: Els recursos naturals es classifiquen en renovables i no renovables. \u00a0Per exemple els recursos no renovables s\u00f3n: el petroli que tarda molt a fer-se.<\/li>\n<li>C- G.P: Ens estem quedant sense recursos naturals perqu\u00e8 els gastem tan r\u00e0pid que no hi ha suficient temps perqu\u00e8 se\u2019n puguin crear de nous, perqu\u00e8 es puguin regenerar.<\/li>\n<li>B: Els humans gasten molts recursos naturals per tenir moltes coses.<\/li>\n<li>S- LL.B: Els humans fan f\u00e0briques que contaminen molt i que alliberen gasos d\u2019efecte hivernacle. Aquests gasos efecten a la capa d\u2019oz\u00f3 i llavors \u00a0l\u2019aire de la terra s\u2019escalfa molt.<\/li>\n<li>P: Ens van donar alguns consells perqu\u00e8 no desaprofitem alguns recursos naturals. Exemple: no deixar el llum enc\u00e8s, dutxar-se en lloc de banyar-se, no deixar portes i finestres obertes si hi ha la calefacci\u00f3 engegada, etc.<\/li>\n<li>B: El final del taller ens van explicar un conte que explicava qu\u00e8 passaria si gast\u00e0vem molts recursos naturals. En aquest conte un \u00f3s polar es quedava sense el seu h\u00e0bitat i sense el seu menjar. Mica en mica els boscos quedaven secs i els \u00f3ssos panda tamb\u00e9 es morien perqu\u00e8 no tenien canya de bamb\u00fa per menjar<\/li>\n<li>AC:Tamb\u00e9 ens varen parlar del reciclatge . \u00c9s molt important reciclar, reduir i reciclar . D\u2019aquesta manera no gastarem tants recursos naturals.<\/li>\n<\/ul>\n","protected":false},"excerpt":{"rendered":"<p>El dimarts 25 d\u2019octubre els alumnes de cicle mitj\u00e0 vam fer un taller a c\u00e0rrec de la Diputaci\u00f3 sobre mediambient. En aquest taller hem apr\u00e8s moltes coses i ara us ho volem explicar. \u00c9s molt important que entre tots fem el possible per reduir el consum, reutilitzar i reciclar b\u00e9.\u00a0 (Clicant sobre la fotografia podreu [&hellip;]<\/p>\n","protected":false},"author":1,"featured_media":1026,"comment_status":"open","ping_status":"open","sticky":false,"template":"","format":"standard","meta":{"_bbp_topic_count":0,"_bbp_reply_count":0,"_bbp_total_topic_count":0,"_bbp_total_reply_count":0,"_bbp_voice_count":0,"_bbp_anonymous_reply_count":0,"_bbp_topic_count_hidden":0,"_bbp_reply_count_hidden":0,"_bbp_forum_subforum_count":0,"site-sidebar-layout":"default","site-content-layout":"","ast-site-content-layout":"","site-content-style":"default","site-sidebar-style":"default","ast-global-header-display":"","ast-banner-title-visibility":"","ast-main-header-display":"","ast-hfb-above-header-display":"","ast-hfb-below-header-display":"","ast-hfb-mobile-header-display":"","site-post-title":"","ast-breadcrumbs-content":"","ast-featured-img":"","footer-sml-layout":"","theme-transparent-header-meta":"","adv-header-id-meta":"","stick-header-meta":"","header-above-stick-meta":"","header-main-stick-meta":"","header-below-stick-meta":"","astra-migrate-meta-layouts":"default","ast-page-background-enabled":"default","ast-page-background-meta":{"desktop":{"background-color":"var(--ast-global-color-4)","background-image":"","background-repeat":"repeat","background-position":"center center","background-size":"auto","background-attachment":"scroll","background-type":"","background-media":"","overlay-type":"","overlay-color":"","overlay-opacity":"","overlay-gradient":""},"tablet":{"background-color":"","background-image":"","background-repeat":"repeat","background-position":"center center","background-size":"auto","background-attachment":"scroll","background-type":"","background-media":"","overlay-type":"","overlay-color":"","overlay-opacity":"","overlay-gradient":""},"mobile":{"background-color":"","background-image":"","background-repeat":"repeat","background-position":"center center","background-size":"auto","background-attachment":"scroll","background-type":"","background-media":"","overlay-type":"","overlay-color":"","overlay-opacity":"","overlay-gradient":""}},"ast-content-background-meta":{"desktop":{"background-color":"var(--ast-global-color-5)","background-image":"","background-repeat":"repeat","background-position":"center center","background-size":"auto","background-attachment":"scroll","background-type":"","background-media":"","overlay-type":"","overlay-color":"","overlay-opacity":"","overlay-gradient":""},"tablet":{"background-color":"var(--ast-global-color-5)","background-image":"","background-repeat":"repeat","background-position":"center center","background-size":"auto","background-attachment":"scroll","background-type":"","background-media":"","overlay-type":"","overlay-color":"","overlay-opacity":"","overlay-gradient":""},"mobile":{"background-color":"var(--ast-global-color-5)","background-image":"","background-repeat":"repeat","background-position":"center center","background-size":"auto","background-attachment":"scroll","background-type":"","background-media":"","overlay-type":"","overlay-color":"","overlay-opacity":"","overlay-gradient":""}},"footnotes":""},"categories":[13,1,4],"tags":[],"class_list":["post-1024","post","type-post","status-publish","format-standard","has-post-thumbnail","hentry","category-cicle-mitja","category-general","category-portada"],"post_mailing_queue_ids":[],"_links":{"self":[{"href":"https:\/\/agora.xtec.cat\/ceipprats\/wp-json\/wp\/v2\/posts\/1024","targetHints":{"allow":["GET"]}}],"collection":[{"href":"https:\/\/agora.xtec.cat\/ceipprats\/wp-json\/wp\/v2\/posts"}],"about":[{"href":"https:\/\/agora.xtec.cat\/ceipprats\/wp-json\/wp\/v2\/types\/post"}],"author":[{"embeddable":true,"href":"https:\/\/agora.xtec.cat\/ceipprats\/wp-json\/wp\/v2\/users\/1"}],"replies":[{"embeddable":true,"href":"https:\/\/agora.xtec.cat\/ceipprats\/wp-json\/wp\/v2\/comments?post=1024"}],"version-history":[{"count":3,"href":"https:\/\/agora.xtec.cat\/ceipprats\/wp-json\/wp\/v2\/posts\/1024\/revisions"}],"predecessor-version":[{"id":1028,"href":"https:\/\/agora.xtec.cat\/ceipprats\/wp-json\/wp\/v2\/posts\/1024\/revisions\/1028"}],"wp:featuredmedia":[{"embeddable":true,"href":"https:\/\/agora.xtec.cat\/ceipprats\/wp-json\/wp\/v2\/media\/1026"}],"wp:attachment":[{"href":"https:\/\/agora.xtec.cat\/ceipprats\/wp-json\/wp\/v2\/media?parent=1024"}],"wp:term":[{"taxonomy":"category","embeddable":true,"href":"https:\/\/agora.xtec.cat\/ceipprats\/wp-json\/wp\/v2\/categories?post=1024"},{"taxonomy":"post_tag","embeddable":true,"href":"https:\/\/agora.xtec.cat\/ceipprats\/wp-json\/wp\/v2\/tags?post=1024"}],"curies":[{"name":"wp","href":"https:\/\/api.w.org\/{rel}","templated":true}]}}