{"id":937,"date":"2016-05-17T17:46:42","date_gmt":"2016-05-17T16:46:42","guid":{"rendered":"http:\/\/agora.xtec.cat\/ceippractiques2-lleida\/?p=937"},"modified":"2016-05-18T08:23:31","modified_gmt":"2016-05-18T07:23:31","slug":"fruita-a-lescola-3","status":"publish","type":"post","link":"https:\/\/agora.xtec.cat\/ceippractiques2-lleida\/portada\/fruita-a-lescola-3\/","title":{"rendered":"Fruita a l&#8217;escola"},"content":{"rendered":"<p><span style=\"font-size: 20px; font-family: verdana,geneva,sans-serif;\">A partir de dem\u00e0 a l&#8217;hora del pati tornem a repartir fruita per esmorzar dins el <strong>Pla de Consum de fruita a les escoles<\/strong>:<\/span><a href=\"http:\/\/agora.xtec.cat\/ceippractiques2-lleida\/wp-content\/uploads\/usu635\/2016\/05\/Fruites-maig.png\"><img loading=\"lazy\" decoding=\"async\" class=\"aligncenter size-large wp-image-942\" src=\"http:\/\/agora.xtec.cat\/ceippractiques2-lleida\/wp-content\/uploads\/usu635\/2016\/05\/Fruites-maig-1024x330.png\" alt=\"Fruites maig\" width=\"1024\" height=\"330\" srcset=\"https:\/\/agora.xtec.cat\/ceippractiques2-lleida\/wp-content\/uploads\/usu635\/2016\/05\/Fruites-maig-1024x330.png 1024w, https:\/\/agora.xtec.cat\/ceippractiques2-lleida\/wp-content\/uploads\/usu635\/2016\/05\/Fruites-maig-300x97.png 300w\" sizes=\"auto, (max-width: 1024px) 100vw, 1024px\" \/><\/a><strong><span style=\"font-size: 20px; font-family: verdana,geneva,sans-serif;\">Dimecres 18 de maig, tomates cirerol: <\/span><\/strong><span style=\"font-size: 16px; font-family: verdana,geneva,sans-serif;\">mengeu tomates de manera habitual, ajuda a prevenir el c\u00e0ncer.<\/span><br \/>\n<strong><span style=\"font-size: 20px; font-family: verdana,geneva,sans-serif;\">Dilluns 23 de maig, nespres<\/span> :<\/strong> <span style=\"font-size: 16px;\"><span style=\"font-family: verdana,geneva,sans-serif;\">posseeix polpa comestible t\u00e9 un color entre blanc i ataronjat i \u00e9s molt arom\u00e0tica, carnosa, amb un intens sabor dol\u00e7 encara que una mica \u00e0cid. Origin\u00e0riament \u00e9s un fruit procedent de la Xina.<\/span><br \/>\n<strong><span style=\"font-size: 20px; font-family: verdana,geneva,sans-serif;\">Dimarts 24 de maig, poma golden<\/span><\/strong>: <\/span><span style=\"font-family: verdana,geneva,sans-serif; font-size: 16px;\">Cont\u00e9 f\u00f2sfor, \u00e9s excel\u00b7lent per als que realitzen un treball intel\u00b7lectual molt intens; neteja les dents i enforteix les genives.<br \/>\n<\/span><\/p>\n","protected":false},"excerpt":{"rendered":"<p>A partir de dem\u00e0 a l&#8217;hora del pati tornem a repartir fruita per esmorzar dins el Pla de Consum de fruita a les escoles:<a href=\"http:\/\/agora.xtec.cat\/ceippractiques2-lleida\/wp-content\/uploads\/usu635\/2016\/05\/Fruites-maig.png\"><\/a>Dimecres 18 de maig, tomates cirerol: mengeu tomates de manera habitual, ajuda a prevenir el c\u00e0ncer.<br \/>\nDilluns 23 de maig, nespres :&hellip;  <a href=\"https:\/\/agora.xtec.cat\/ceippractiques2-lleida\/portada\/fruita-a-lescola-3\/\" title=\"Read Fruita a l&#8217;escola\">Llegeix m\u00e9s\u00bb<\/a><\/p>\n","protected":false},"author":1,"featured_media":0,"comment_status":"open","ping_status":"open","sticky":false,"template":"","format":"standard","meta":{"_bbp_topic_count":0,"_bbp_reply_count":0,"_bbp_total_topic_count":0,"_bbp_total_reply_count":0,"_bbp_voice_count":0,"_bbp_anonymous_reply_count":0,"_bbp_topic_count_hidden":0,"_bbp_reply_count_hidden":0,"_bbp_forum_subforum_count":0,"footnotes":""},"categories":[4,37],"tags":[],"class_list":["post-937","post","type-post","status-publish","format-standard","hentry","category-portada","category-salut"],"post_mailing_queue_ids":[],"_links":{"self":[{"href":"https:\/\/agora.xtec.cat\/ceippractiques2-lleida\/wp-json\/wp\/v2\/posts\/937","targetHints":{"allow":["GET"]}}],"collection":[{"href":"https:\/\/agora.xtec.cat\/ceippractiques2-lleida\/wp-json\/wp\/v2\/posts"}],"about":[{"href":"https:\/\/agora.xtec.cat\/ceippractiques2-lleida\/wp-json\/wp\/v2\/types\/post"}],"author":[{"embeddable":true,"href":"https:\/\/agora.xtec.cat\/ceippractiques2-lleida\/wp-json\/wp\/v2\/users\/1"}],"replies":[{"embeddable":true,"href":"https:\/\/agora.xtec.cat\/ceippractiques2-lleida\/wp-json\/wp\/v2\/comments?post=937"}],"version-history":[{"count":3,"href":"https:\/\/agora.xtec.cat\/ceippractiques2-lleida\/wp-json\/wp\/v2\/posts\/937\/revisions"}],"predecessor-version":[{"id":950,"href":"https:\/\/agora.xtec.cat\/ceippractiques2-lleida\/wp-json\/wp\/v2\/posts\/937\/revisions\/950"}],"wp:attachment":[{"href":"https:\/\/agora.xtec.cat\/ceippractiques2-lleida\/wp-json\/wp\/v2\/media?parent=937"}],"wp:term":[{"taxonomy":"category","embeddable":true,"href":"https:\/\/agora.xtec.cat\/ceippractiques2-lleida\/wp-json\/wp\/v2\/categories?post=937"},{"taxonomy":"post_tag","embeddable":true,"href":"https:\/\/agora.xtec.cat\/ceippractiques2-lleida\/wp-json\/wp\/v2\/tags?post=937"}],"curies":[{"name":"wp","href":"https:\/\/api.w.org\/{rel}","templated":true}]}}