{"id":8070,"date":"2026-03-09T16:25:36","date_gmt":"2026-03-09T15:25:36","guid":{"rendered":"https:\/\/agora.xtec.cat\/ceippractiques2-lleida\/?p=8070"},"modified":"2026-03-09T16:25:36","modified_gmt":"2026-03-09T15:25:36","slug":"a-i5-hem-comencat-les-noves-capses-daprenentatge","status":"publish","type":"post","link":"https:\/\/agora.xtec.cat\/ceippractiques2-lleida\/general\/a-i5-hem-comencat-les-noves-capses-daprenentatge\/","title":{"rendered":"A I5 HEM COMEN\u00c7AT LES NOVES CAPSES D&#8217;APRENENTATGE"},"content":{"rendered":"<p>Durant aquest segon trimestre, els i les alumnes de I5 hem comen\u00e7at les noves capses d&#8217;aprenentatge, per tal de con\u00e8ixer el m\u00f3n que ens envolta i tamb\u00e9 saber m\u00e9s coses sobre nosaltres mateixos.<\/p>\n<p>Aquest cop tenim 4 capses en les quals treballarem el cos hum\u00e0, els animals, les plantes, el sistema solar i el reciclatge, per tal de cuidar, el nostre estimat planeta. Ens encanta treballar d&#8217;aquesta manera ja que som nosaltres qui ens marquem el nostre ritme i les anem realitzant aut\u00f2nomament, amb l&#8217;ajuda de les pistes que les capses ens donen.<\/p>\n<p>Cliqueu sobre la imatge per tal de veure com de b\u00e9 ens ho passem i el munt de coses que aprenem!<\/p>\n<p><a href=\"https:\/\/drive.google.com\/drive\/folders\/1G08JDvH7UvcULBiu8IeTFTiV5z10nNjT?usp=sharing\" target=\"_blank\" rel=\"noopener\"><img loading=\"lazy\" decoding=\"async\" class=\"wp-image-8073 aligncenter\" src=\"https:\/\/agora.xtec.cat\/ceippractiques2-lleida\/wp-content\/uploads\/usu635\/2026\/03\/capses.jpg\" alt=\"\" width=\"321\" height=\"202\" srcset=\"https:\/\/agora.xtec.cat\/ceippractiques2-lleida\/wp-content\/uploads\/usu635\/2026\/03\/capses.jpg 627w, https:\/\/agora.xtec.cat\/ceippractiques2-lleida\/wp-content\/uploads\/usu635\/2026\/03\/capses-300x189.jpg 300w\" sizes=\"auto, (max-width: 321px) 100vw, 321px\" \/><\/a><a href=\"https:\/\/agora.xtec.cat\/ceippractiques2-lleida\/wp-content\/uploads\/usu635\/2026\/03\/IMG_3391.heic\"><img decoding=\"async\" class=\"alignnone size-full wp-image-8071\" src=\"https:\/\/agora.xtec.cat\/ceippractiques2-lleida\/wp-content\/uploads\/usu635\/2026\/03\/IMG_3391.heic\" alt=\"\" \/><\/a><\/p>\n","protected":false},"excerpt":{"rendered":"<p>A I5 fem noves capses d&#8217;aprenentatge&hellip;  <a href=\"https:\/\/agora.xtec.cat\/ceippractiques2-lleida\/general\/a-i5-hem-comencat-les-noves-capses-daprenentatge\/\" title=\"Read A I5 HEM COMEN\u00c7AT LES NOVES CAPSES D&#8217;APRENENTATGE\">Llegeix m\u00e9s\u00bb<\/a><\/p>\n","protected":false},"author":36,"featured_media":8073,"comment_status":"open","ping_status":"open","sticky":false,"template":"","format":"standard","meta":{"_bbp_topic_count":0,"_bbp_reply_count":0,"_bbp_total_topic_count":0,"_bbp_total_reply_count":0,"_bbp_voice_count":0,"_bbp_anonymous_reply_count":0,"_bbp_topic_count_hidden":0,"_bbp_reply_count_hidden":0,"_bbp_forum_subforum_count":0,"footnotes":""},"categories":[2,1,9,4],"tags":[],"class_list":["post-8070","post","type-post","status-publish","format-standard","has-post-thumbnail","hentry","category-infantil","category-general","category-i5","category-portada"],"post_mailing_queue_ids":[],"_links":{"self":[{"href":"https:\/\/agora.xtec.cat\/ceippractiques2-lleida\/wp-json\/wp\/v2\/posts\/8070","targetHints":{"allow":["GET"]}}],"collection":[{"href":"https:\/\/agora.xtec.cat\/ceippractiques2-lleida\/wp-json\/wp\/v2\/posts"}],"about":[{"href":"https:\/\/agora.xtec.cat\/ceippractiques2-lleida\/wp-json\/wp\/v2\/types\/post"}],"author":[{"embeddable":true,"href":"https:\/\/agora.xtec.cat\/ceippractiques2-lleida\/wp-json\/wp\/v2\/users\/36"}],"replies":[{"embeddable":true,"href":"https:\/\/agora.xtec.cat\/ceippractiques2-lleida\/wp-json\/wp\/v2\/comments?post=8070"}],"version-history":[{"count":1,"href":"https:\/\/agora.xtec.cat\/ceippractiques2-lleida\/wp-json\/wp\/v2\/posts\/8070\/revisions"}],"predecessor-version":[{"id":8074,"href":"https:\/\/agora.xtec.cat\/ceippractiques2-lleida\/wp-json\/wp\/v2\/posts\/8070\/revisions\/8074"}],"wp:featuredmedia":[{"embeddable":true,"href":"https:\/\/agora.xtec.cat\/ceippractiques2-lleida\/wp-json\/wp\/v2\/media\/8073"}],"wp:attachment":[{"href":"https:\/\/agora.xtec.cat\/ceippractiques2-lleida\/wp-json\/wp\/v2\/media?parent=8070"}],"wp:term":[{"taxonomy":"category","embeddable":true,"href":"https:\/\/agora.xtec.cat\/ceippractiques2-lleida\/wp-json\/wp\/v2\/categories?post=8070"},{"taxonomy":"post_tag","embeddable":true,"href":"https:\/\/agora.xtec.cat\/ceippractiques2-lleida\/wp-json\/wp\/v2\/tags?post=8070"}],"curies":[{"name":"wp","href":"https:\/\/api.w.org\/{rel}","templated":true}]}}