{"id":8066,"date":"2026-03-06T10:00:34","date_gmt":"2026-03-06T09:00:34","guid":{"rendered":"https:\/\/agora.xtec.cat\/ceippractiques2-lleida\/?p=8066"},"modified":"2026-03-05T20:15:19","modified_gmt":"2026-03-05T19:15:19","slug":"xerrada-sobre-seguretat-digital-i-comunicacio-responsable-a-lalumnat-de-6e","status":"publish","type":"post","link":"https:\/\/agora.xtec.cat\/ceippractiques2-lleida\/general\/xerrada-sobre-seguretat-digital-i-comunicacio-responsable-a-lalumnat-de-6e\/","title":{"rendered":"Xerrada sobre seguretat digital i comunicaci\u00f3 responsable a l&#8217;alumnat de 6\u00e8"},"content":{"rendered":"<p data-start=\"0\" data-end=\"521\">Els alumnes de Cicle Superior hem pogut participar en una xerrada amb els <strong data-start=\"74\" data-end=\"95\">Mossos d\u2019Esquadra<\/strong>, que ens han informat sobre la seguretat en l\u2019\u00fas de les tecnologies, especialment en tot all\u00f2 relacionat amb les xarxes socials. Durant la sessi\u00f3, hem parlat dels <strong>riscos<\/strong> que poden comportar i de la import\u00e0ncia de mantenir sempre una <strong>actitud de respecte i precauci\u00f3 amb les persones amb qui interactuem a la xarxa<\/strong>. Tamb\u00e9 hem recordat la necessitat d\u2019utilitzar <strong>contrasenyes segures<\/strong> per protegir la nostra informaci\u00f3 personal.<\/p>\n<p data-start=\"523\" data-end=\"854\" data-is-last-node=\"\" data-is-only-node=\"\">A m\u00e9s, hem repassat les<strong> normes b\u00e0siques de la comunicaci\u00f3 en l\u00ednia i dels grups de missatgeria<\/strong>: respectar els horaris, no afegir ning\u00fa en un grup sense el seu consentiment i afavorir sempre el respecte i una comunicaci\u00f3 positiva. Ha estat una xerrada molt \u00fatil per ajudar-nos a fer un \u00fas m\u00e9s responsable i segur de les tecnologies.<\/p>\n<p>Us deixem l&#8217;enlla\u00e7 al nostre apartat de recomanacions en relaci\u00f3 amb l&#8217;\u00fas de dispositius digitals:<\/p>\n<blockquote class=\"wp-embedded-content\" data-secret=\"WONCQLiBF6\"><p><a href=\"https:\/\/agora.xtec.cat\/ceippractiques2-lleida\/consum-de-pantalles\/\">Consum de pantalles<\/a><\/p><\/blockquote>\n<p><iframe loading=\"lazy\" class=\"wp-embedded-content\" sandbox=\"allow-scripts\" security=\"restricted\" style=\"position: absolute; visibility: hidden;\" title=\"&#8220;Consum de pantalles&#8221; &#8212; Escola Pr\u00e0ctiques II\" src=\"https:\/\/agora.xtec.cat\/ceippractiques2-lleida\/consum-de-pantalles\/embed\/#?secret=Zy8rLlBReJ#?secret=WONCQLiBF6\" data-secret=\"WONCQLiBF6\" width=\"500\" height=\"282\" frameborder=\"0\" marginwidth=\"0\" marginheight=\"0\" scrolling=\"no\"><\/iframe><\/p>\n","protected":false},"excerpt":{"rendered":"<p>Els alumnes de Cicle Superior hem pogut participar en una xerrada amb els Mossos d\u2019Esquadra, que ens han informat sobre la seguretat en l\u2019\u00fas de les tecnologies, especialment en tot all\u00f2 relacionat amb les xarxes socials. Durant la sessi\u00f3, hem parlat dels riscos que poden&hellip;  <a href=\"https:\/\/agora.xtec.cat\/ceippractiques2-lleida\/general\/xerrada-sobre-seguretat-digital-i-comunicacio-responsable-a-lalumnat-de-6e\/\" title=\"Read Xerrada sobre seguretat digital i comunicaci\u00f3 responsable a l&#8217;alumnat de 6\u00e8\">Llegeix m\u00e9s\u00bb<\/a><\/p>\n","protected":false},"author":35,"featured_media":8067,"comment_status":"open","ping_status":"open","sticky":false,"template":"","format":"standard","meta":{"_bbp_topic_count":0,"_bbp_reply_count":0,"_bbp_total_topic_count":0,"_bbp_total_reply_count":0,"_bbp_voice_count":0,"_bbp_anonymous_reply_count":0,"_bbp_topic_count_hidden":0,"_bbp_reply_count_hidden":0,"_bbp_forum_subforum_count":0,"footnotes":""},"categories":[15,220,5,1,4],"tags":[],"class_list":["post-8066","post","type-post","status-publish","format-standard","has-post-thumbnail","hentry","category-6e","category-cicle-superior","category-primaria","category-general","category-portada"],"post_mailing_queue_ids":[],"_links":{"self":[{"href":"https:\/\/agora.xtec.cat\/ceippractiques2-lleida\/wp-json\/wp\/v2\/posts\/8066","targetHints":{"allow":["GET"]}}],"collection":[{"href":"https:\/\/agora.xtec.cat\/ceippractiques2-lleida\/wp-json\/wp\/v2\/posts"}],"about":[{"href":"https:\/\/agora.xtec.cat\/ceippractiques2-lleida\/wp-json\/wp\/v2\/types\/post"}],"author":[{"embeddable":true,"href":"https:\/\/agora.xtec.cat\/ceippractiques2-lleida\/wp-json\/wp\/v2\/users\/35"}],"replies":[{"embeddable":true,"href":"https:\/\/agora.xtec.cat\/ceippractiques2-lleida\/wp-json\/wp\/v2\/comments?post=8066"}],"version-history":[{"count":2,"href":"https:\/\/agora.xtec.cat\/ceippractiques2-lleida\/wp-json\/wp\/v2\/posts\/8066\/revisions"}],"predecessor-version":[{"id":8069,"href":"https:\/\/agora.xtec.cat\/ceippractiques2-lleida\/wp-json\/wp\/v2\/posts\/8066\/revisions\/8069"}],"wp:featuredmedia":[{"embeddable":true,"href":"https:\/\/agora.xtec.cat\/ceippractiques2-lleida\/wp-json\/wp\/v2\/media\/8067"}],"wp:attachment":[{"href":"https:\/\/agora.xtec.cat\/ceippractiques2-lleida\/wp-json\/wp\/v2\/media?parent=8066"}],"wp:term":[{"taxonomy":"category","embeddable":true,"href":"https:\/\/agora.xtec.cat\/ceippractiques2-lleida\/wp-json\/wp\/v2\/categories?post=8066"},{"taxonomy":"post_tag","embeddable":true,"href":"https:\/\/agora.xtec.cat\/ceippractiques2-lleida\/wp-json\/wp\/v2\/tags?post=8066"}],"curies":[{"name":"wp","href":"https:\/\/api.w.org\/{rel}","templated":true}]}}