{"id":7950,"date":"2026-02-06T18:37:43","date_gmt":"2026-02-06T17:37:43","guid":{"rendered":"https:\/\/agora.xtec.cat\/ceippractiques2-lleida\/?p=7950"},"modified":"2026-02-13T09:43:10","modified_gmt":"2026-02-13T08:43:10","slug":"cicle-mitja-anem-al-teatre-a-veure-lobra-la-mestra","status":"publish","type":"post","link":"https:\/\/agora.xtec.cat\/ceippractiques2-lleida\/general\/cicle-mitja-anem-al-teatre-a-veure-lobra-la-mestra\/","title":{"rendered":"Cicle mitj\u00e0 anem al teatre a veure l&#8217;obra &#8220;La mestra&#8221;"},"content":{"rendered":"<p data-start=\"297\" data-end=\"494\">Aquest mat\u00ed\u00a0l\u2019alumnat de <strong data-start=\"332\" data-end=\"347\">Cicle Mitj\u00e0 <\/strong>ha\u00a0anat al <strong>Teatre de l\u2019Escorxador de Lleida <\/strong>per gaudir de l\u2019obra &#8220;<strong><em data-start=\"482\" data-end=\"493\">La Mestra&#8221; <\/em><\/strong>de la companyia Anita Maravillas.<\/p>\n<p data-start=\"297\" data-end=\"494\">A trav\u00e9s d&#8217;unes titelles d&#8217;animals que donaven vida als personatges ens hem transportat a una petita escola d&#8217;abans, on una mestra valenta\u00a0 i compromesa creia fermament en una educaci\u00f3 basada en la llibertat, el respecte i el pensament cr\u00edtic.<\/p>\n<p data-start=\"297\" data-end=\"494\">Ha estat una experi\u00e8ncia molt enriquidora que ens ha perm\u00e8s gaudir de l&#8217;obra, compartir emocions i reflexionar sobre la import\u00e0ncia de l&#8217;educaci\u00f3.<\/p>\n<p data-start=\"297\" data-end=\"494\"><a href=\"https:\/\/agora.xtec.cat\/ceippractiques2-lleida\/wp-content\/uploads\/usu635\/2026\/02\/IMG_3792-scaled.jpg\"><img loading=\"lazy\" decoding=\"async\" class=\"size-large wp-image-7951 aligncenter\" src=\"https:\/\/agora.xtec.cat\/ceippractiques2-lleida\/wp-content\/uploads\/usu635\/2026\/02\/IMG_3792-1024x768.jpg\" alt=\"\" width=\"1024\" height=\"768\" srcset=\"https:\/\/agora.xtec.cat\/ceippractiques2-lleida\/wp-content\/uploads\/usu635\/2026\/02\/IMG_3792-1024x768.jpg 1024w, https:\/\/agora.xtec.cat\/ceippractiques2-lleida\/wp-content\/uploads\/usu635\/2026\/02\/IMG_3792-300x225.jpg 300w, https:\/\/agora.xtec.cat\/ceippractiques2-lleida\/wp-content\/uploads\/usu635\/2026\/02\/IMG_3792-768x576.jpg 768w, https:\/\/agora.xtec.cat\/ceippractiques2-lleida\/wp-content\/uploads\/usu635\/2026\/02\/IMG_3792-1536x1152.jpg 1536w, https:\/\/agora.xtec.cat\/ceippractiques2-lleida\/wp-content\/uploads\/usu635\/2026\/02\/IMG_3792-2048x1536.jpg 2048w, https:\/\/agora.xtec.cat\/ceippractiques2-lleida\/wp-content\/uploads\/usu635\/2026\/02\/IMG_3792-200x150.jpg 200w\" sizes=\"auto, (max-width: 1024px) 100vw, 1024px\" \/><\/a><\/p>\n<p data-start=\"297\" data-end=\"494\"><a href=\"https:\/\/agora.xtec.cat\/ceippractiques2-lleida\/wp-content\/uploads\/usu635\/2026\/02\/IMG_3801-scaled.jpg\"><img loading=\"lazy\" decoding=\"async\" class=\"size-large wp-image-7952 aligncenter\" src=\"https:\/\/agora.xtec.cat\/ceippractiques2-lleida\/wp-content\/uploads\/usu635\/2026\/02\/IMG_3801-1024x768.jpg\" alt=\"\" width=\"1024\" height=\"768\" srcset=\"https:\/\/agora.xtec.cat\/ceippractiques2-lleida\/wp-content\/uploads\/usu635\/2026\/02\/IMG_3801-1024x768.jpg 1024w, https:\/\/agora.xtec.cat\/ceippractiques2-lleida\/wp-content\/uploads\/usu635\/2026\/02\/IMG_3801-300x225.jpg 300w, https:\/\/agora.xtec.cat\/ceippractiques2-lleida\/wp-content\/uploads\/usu635\/2026\/02\/IMG_3801-768x576.jpg 768w, https:\/\/agora.xtec.cat\/ceippractiques2-lleida\/wp-content\/uploads\/usu635\/2026\/02\/IMG_3801-1536x1152.jpg 1536w, https:\/\/agora.xtec.cat\/ceippractiques2-lleida\/wp-content\/uploads\/usu635\/2026\/02\/IMG_3801-2048x1536.jpg 2048w, https:\/\/agora.xtec.cat\/ceippractiques2-lleida\/wp-content\/uploads\/usu635\/2026\/02\/IMG_3801-200x150.jpg 200w\" sizes=\"auto, (max-width: 1024px) 100vw, 1024px\" \/><\/a><\/p>\n<p data-start=\"297\" data-end=\"494\">\n","protected":false},"excerpt":{"rendered":"<p>Aquest mat\u00ed\u00a0l\u2019alumnat de Cicle Mitj\u00e0 ha\u00a0anat al Teatre de l\u2019Escorxador de Lleida per gaudir de l\u2019obra &#8220;La Mestra&#8221; de la companyia Anita Maravillas.<br \/>\nA trav\u00e9s d&#8217;unes titelles d&#8217;animals que donaven vida als personatges ens hem transportat a una petita escola d&#8217;abans, on una mestra valenta\u00a0 i&hellip;  <a href=\"https:\/\/agora.xtec.cat\/ceippractiques2-lleida\/general\/cicle-mitja-anem-al-teatre-a-veure-lobra-la-mestra\/\" title=\"Read Cicle mitj\u00e0 anem al teatre a veure l&#8217;obra &#8220;La mestra&#8221;\">Llegeix m\u00e9s\u00bb<\/a><\/p>\n","protected":false},"author":33,"featured_media":7952,"comment_status":"open","ping_status":"open","sticky":false,"template":"","format":"standard","meta":{"_bbp_topic_count":0,"_bbp_reply_count":0,"_bbp_total_topic_count":0,"_bbp_total_reply_count":0,"_bbp_voice_count":0,"_bbp_anonymous_reply_count":0,"_bbp_topic_count_hidden":0,"_bbp_reply_count_hidden":0,"_bbp_forum_subforum_count":0,"footnotes":""},"categories":[12,13,221,1,4,311],"tags":[],"class_list":["post-7950","post","type-post","status-publish","format-standard","has-post-thumbnail","hentry","category-3r","category-4t","category-cicle-mijta","category-general","category-portada","category-sortides"],"post_mailing_queue_ids":[],"_links":{"self":[{"href":"https:\/\/agora.xtec.cat\/ceippractiques2-lleida\/wp-json\/wp\/v2\/posts\/7950","targetHints":{"allow":["GET"]}}],"collection":[{"href":"https:\/\/agora.xtec.cat\/ceippractiques2-lleida\/wp-json\/wp\/v2\/posts"}],"about":[{"href":"https:\/\/agora.xtec.cat\/ceippractiques2-lleida\/wp-json\/wp\/v2\/types\/post"}],"author":[{"embeddable":true,"href":"https:\/\/agora.xtec.cat\/ceippractiques2-lleida\/wp-json\/wp\/v2\/users\/33"}],"replies":[{"embeddable":true,"href":"https:\/\/agora.xtec.cat\/ceippractiques2-lleida\/wp-json\/wp\/v2\/comments?post=7950"}],"version-history":[{"count":2,"href":"https:\/\/agora.xtec.cat\/ceippractiques2-lleida\/wp-json\/wp\/v2\/posts\/7950\/revisions"}],"predecessor-version":[{"id":7954,"href":"https:\/\/agora.xtec.cat\/ceippractiques2-lleida\/wp-json\/wp\/v2\/posts\/7950\/revisions\/7954"}],"wp:featuredmedia":[{"embeddable":true,"href":"https:\/\/agora.xtec.cat\/ceippractiques2-lleida\/wp-json\/wp\/v2\/media\/7952"}],"wp:attachment":[{"href":"https:\/\/agora.xtec.cat\/ceippractiques2-lleida\/wp-json\/wp\/v2\/media?parent=7950"}],"wp:term":[{"taxonomy":"category","embeddable":true,"href":"https:\/\/agora.xtec.cat\/ceippractiques2-lleida\/wp-json\/wp\/v2\/categories?post=7950"},{"taxonomy":"post_tag","embeddable":true,"href":"https:\/\/agora.xtec.cat\/ceippractiques2-lleida\/wp-json\/wp\/v2\/tags?post=7950"}],"curies":[{"name":"wp","href":"https:\/\/api.w.org\/{rel}","templated":true}]}}