{"id":790,"date":"2016-03-30T10:01:29","date_gmt":"2016-03-30T09:01:29","guid":{"rendered":"http:\/\/agora.xtec.cat\/ceippractiques2-lleida\/?p=790"},"modified":"2016-03-30T10:02:53","modified_gmt":"2016-03-30T09:02:53","slug":"lestiu-es-teu","status":"publish","type":"post","link":"https:\/\/agora.xtec.cat\/ceippractiques2-lleida\/portada\/lestiu-es-teu\/","title":{"rendered":"L&#8217;Estiu \u00e9s Teu"},"content":{"rendered":"<p><a href=\"http:\/\/agora.xtec.cat\/ceippractiques2-lleida\/wp-content\/uploads\/usu635\/2016\/03\/Captura-de-2016-03-30-105443.png\"><img loading=\"lazy\" decoding=\"async\" class=\"aligncenter size-full wp-image-791\" src=\"http:\/\/agora.xtec.cat\/ceippractiques2-lleida\/wp-content\/uploads\/usu635\/2016\/03\/Captura-de-2016-03-30-105443.png\" alt=\"Captura de 2016-03-30 10:54:43\" width=\"956\" height=\"223\" srcset=\"https:\/\/agora.xtec.cat\/ceippractiques2-lleida\/wp-content\/uploads\/usu635\/2016\/03\/Captura-de-2016-03-30-105443.png 956w, https:\/\/agora.xtec.cat\/ceippractiques2-lleida\/wp-content\/uploads\/usu635\/2016\/03\/Captura-de-2016-03-30-105443-300x70.png 300w\" sizes=\"auto, (max-width: 956px) 100vw, 956px\" \/><\/a><\/p>\n<p><span style=\"font-family: verdana,geneva,sans-serif; font-size: 18px;\">El programa &#8220;L&#8217;Estiu \u00e9s Teu&#8221; \u00e9s una proposta de l&#8217;Ag\u00e8ncia Catalana de la Joventut (ACJ) del Departament de Treball, Afers Socials i Fam\u00edlies de la Generalitat de Catalunya que s&#8217;adre\u00e7a als nois i noies de 5 a 16 anys amb l&#8217;objectiu que es diverteixin, tot aprenent, durant les vacances d&#8217;estiu als albergs de la Xarxa Nacional d&#8217;Albergs Socials de Catalunya (XANASCAT).<\/span><br \/>\n<span style=\"font-family: verdana,geneva,sans-serif; font-size: 18px;\"> Si esteu interessats que els vostres fills\/es hi participin teniu temps per apuntar-los fins el dia 6 d&#8217;abril.<\/span><br \/>\n<span style=\"font-family: verdana,geneva,sans-serif; font-size: 18px;\"> M\u00e9s informaci\u00f3 a: <a href=\"http:\/\/www.estiuesteu.cat\/\" target=\"_blank\">http:\/\/www.estiuesteu.cat\/<\/a><\/span><\/p>\n","protected":false},"excerpt":{"rendered":"<p><a href=\"http:\/\/agora.xtec.cat\/ceippractiques2-lleida\/wp-content\/uploads\/usu635\/2016\/03\/Captura-de-2016-03-30-105443.png\"><\/a><br \/>\nEl programa &#8220;L&#8217;Estiu \u00e9s Teu&#8221; \u00e9s una proposta de l&#8217;Ag\u00e8ncia Catalana de la Joventut (ACJ) del Departament de Treball, Afers Socials i Fam\u00edlies de la Generalitat de Catalunya que s&#8217;adre\u00e7a als nois i noies de 5 a 16 anys amb l&#8217;objectiu que es diverteixin,&hellip;  <a href=\"https:\/\/agora.xtec.cat\/ceippractiques2-lleida\/portada\/lestiu-es-teu\/\" title=\"Read L&#8217;Estiu \u00e9s Teu\">Llegeix m\u00e9s\u00bb<\/a><\/p>\n","protected":false},"author":1,"featured_media":0,"comment_status":"open","ping_status":"open","sticky":false,"template":"","format":"standard","meta":{"_bbp_topic_count":0,"_bbp_reply_count":0,"_bbp_total_topic_count":0,"_bbp_total_reply_count":0,"_bbp_voice_count":0,"_bbp_anonymous_reply_count":0,"_bbp_topic_count_hidden":0,"_bbp_reply_count_hidden":0,"_bbp_forum_subforum_count":0,"footnotes":""},"categories":[4],"tags":[],"class_list":["post-790","post","type-post","status-publish","format-standard","hentry","category-portada"],"post_mailing_queue_ids":[],"_links":{"self":[{"href":"https:\/\/agora.xtec.cat\/ceippractiques2-lleida\/wp-json\/wp\/v2\/posts\/790","targetHints":{"allow":["GET"]}}],"collection":[{"href":"https:\/\/agora.xtec.cat\/ceippractiques2-lleida\/wp-json\/wp\/v2\/posts"}],"about":[{"href":"https:\/\/agora.xtec.cat\/ceippractiques2-lleida\/wp-json\/wp\/v2\/types\/post"}],"author":[{"embeddable":true,"href":"https:\/\/agora.xtec.cat\/ceippractiques2-lleida\/wp-json\/wp\/v2\/users\/1"}],"replies":[{"embeddable":true,"href":"https:\/\/agora.xtec.cat\/ceippractiques2-lleida\/wp-json\/wp\/v2\/comments?post=790"}],"version-history":[{"count":2,"href":"https:\/\/agora.xtec.cat\/ceippractiques2-lleida\/wp-json\/wp\/v2\/posts\/790\/revisions"}],"predecessor-version":[{"id":793,"href":"https:\/\/agora.xtec.cat\/ceippractiques2-lleida\/wp-json\/wp\/v2\/posts\/790\/revisions\/793"}],"wp:attachment":[{"href":"https:\/\/agora.xtec.cat\/ceippractiques2-lleida\/wp-json\/wp\/v2\/media?parent=790"}],"wp:term":[{"taxonomy":"category","embeddable":true,"href":"https:\/\/agora.xtec.cat\/ceippractiques2-lleida\/wp-json\/wp\/v2\/categories?post=790"},{"taxonomy":"post_tag","embeddable":true,"href":"https:\/\/agora.xtec.cat\/ceippractiques2-lleida\/wp-json\/wp\/v2\/tags?post=790"}],"curies":[{"name":"wp","href":"https:\/\/api.w.org\/{rel}","templated":true}]}}