{"id":7893,"date":"2026-02-02T13:00:07","date_gmt":"2026-02-02T12:00:07","guid":{"rendered":"https:\/\/agora.xtec.cat\/ceippractiques2-lleida\/?p=7893"},"modified":"2026-02-02T13:00:07","modified_gmt":"2026-02-02T12:00:07","slug":"la-noticia-de-la-setmana-a-i5","status":"publish","type":"post","link":"https:\/\/agora.xtec.cat\/ceippractiques2-lleida\/infantil\/la-noticia-de-la-setmana-a-i5\/","title":{"rendered":"LA NOTICIA DE LA SETMANA A I5"},"content":{"rendered":"<p>Hola fam\u00edlies!<\/p>\n<p>Aquest trimestre hem comen\u00e7at amb el treball de la noticia a I5!!<\/p>\n<p>Un cop a la setmana, un nen o nena, s&#8217;emporta el &#8220;NOTI&#8221; (micr\u00f2fon) a casa i prepara la noticia que vol explicar als seus companys\/es, amb l&#8217;ajuda de la seva fam\u00edlia. Quan ja ho t\u00e9 tot llest, ho porta a l&#8217;escola i comen\u00e7a la presentaci\u00f3 de la seva noticia!<\/p>\n<p>Que bonic \u00e9s veure als nens i nenes sent el\/la protagonista d&#8217;aquell moment compartint all\u00f2 que ell\/a ha volgut i veure com els seus companys\/es s&#8217;interessen per all\u00f2 que estan escoltant, fent preguntes i comentaris sobre la tem\u00e0tica, i aix\u00ed mantenint una conversa interessant.<\/p>\n<p>Aquesta not\u00edcia no sols va b\u00e9 per treballar tots aquest h\u00e0bits de conversa i d&#8217;expressi\u00f3, sin\u00f3 tamb\u00e9 per treballar l&#8217;elaboraci\u00f3 i l&#8217;escriptura de la frase, i de dibuixar all\u00f2 que s&#8217;ha escrit.<\/p>\n<p>Quines ganes de continuar escoltant aquestes not\u00edcies tan interessants que els nens i nenes de I5 tenen per nosaltres!<\/p>\n<p><a href=\"https:\/\/agora.xtec.cat\/ceippractiques2-lleida\/wp-content\/uploads\/usu635\/2026\/02\/e36c037a-886d-4abb-8f70-e8a6ba773cf9-rotated.jpg\"><img loading=\"lazy\" decoding=\"async\" class=\"alignnone  wp-image-7894\" src=\"https:\/\/agora.xtec.cat\/ceippractiques2-lleida\/wp-content\/uploads\/usu635\/2026\/02\/e36c037a-886d-4abb-8f70-e8a6ba773cf9-1024x739.jpg\" alt=\"\" width=\"218\" height=\"157\" srcset=\"https:\/\/agora.xtec.cat\/ceippractiques2-lleida\/wp-content\/uploads\/usu635\/2026\/02\/e36c037a-886d-4abb-8f70-e8a6ba773cf9-1024x739.jpg 1024w, https:\/\/agora.xtec.cat\/ceippractiques2-lleida\/wp-content\/uploads\/usu635\/2026\/02\/e36c037a-886d-4abb-8f70-e8a6ba773cf9-300x217.jpg 300w, https:\/\/agora.xtec.cat\/ceippractiques2-lleida\/wp-content\/uploads\/usu635\/2026\/02\/e36c037a-886d-4abb-8f70-e8a6ba773cf9-768x554.jpg 768w, https:\/\/agora.xtec.cat\/ceippractiques2-lleida\/wp-content\/uploads\/usu635\/2026\/02\/e36c037a-886d-4abb-8f70-e8a6ba773cf9-1536x1109.jpg 1536w, https:\/\/agora.xtec.cat\/ceippractiques2-lleida\/wp-content\/uploads\/usu635\/2026\/02\/e36c037a-886d-4abb-8f70-e8a6ba773cf9-rotated.jpg 2000w\" sizes=\"auto, (max-width: 218px) 100vw, 218px\" \/><\/a>\u00a0 <a href=\"https:\/\/agora.xtec.cat\/ceippractiques2-lleida\/wp-content\/uploads\/usu635\/2026\/02\/Captura-de-pantalla-2026-02-02-125730.jpg\"><img loading=\"lazy\" decoding=\"async\" class=\"alignnone  wp-image-7895\" src=\"https:\/\/agora.xtec.cat\/ceippractiques2-lleida\/wp-content\/uploads\/usu635\/2026\/02\/Captura-de-pantalla-2026-02-02-125730-1024x629.jpg\" alt=\"\" width=\"256\" height=\"157\" srcset=\"https:\/\/agora.xtec.cat\/ceippractiques2-lleida\/wp-content\/uploads\/usu635\/2026\/02\/Captura-de-pantalla-2026-02-02-125730-1024x629.jpg 1024w, https:\/\/agora.xtec.cat\/ceippractiques2-lleida\/wp-content\/uploads\/usu635\/2026\/02\/Captura-de-pantalla-2026-02-02-125730-300x184.jpg 300w, https:\/\/agora.xtec.cat\/ceippractiques2-lleida\/wp-content\/uploads\/usu635\/2026\/02\/Captura-de-pantalla-2026-02-02-125730-768x472.jpg 768w, https:\/\/agora.xtec.cat\/ceippractiques2-lleida\/wp-content\/uploads\/usu635\/2026\/02\/Captura-de-pantalla-2026-02-02-125730.jpg 1153w\" sizes=\"auto, (max-width: 256px) 100vw, 256px\" \/><\/a><\/p>\n","protected":false},"excerpt":{"rendered":"<p>Treballem l&#8217;expressi\u00f3 oral i escrita a trav\u00e9s de la not\u00edcia, fent protagonista a un infant de l&#8217;aula.&hellip;  <a href=\"https:\/\/agora.xtec.cat\/ceippractiques2-lleida\/infantil\/la-noticia-de-la-setmana-a-i5\/\" title=\"Read LA NOTICIA DE LA SETMANA A I5\">Llegeix m\u00e9s\u00bb<\/a><\/p>\n","protected":false},"author":36,"featured_media":7894,"comment_status":"open","ping_status":"open","sticky":false,"template":"","format":"standard","meta":{"_bbp_topic_count":0,"_bbp_reply_count":0,"_bbp_total_topic_count":0,"_bbp_total_reply_count":0,"_bbp_voice_count":0,"_bbp_anonymous_reply_count":0,"_bbp_topic_count_hidden":0,"_bbp_reply_count_hidden":0,"_bbp_forum_subforum_count":0,"footnotes":""},"categories":[2,9,4],"tags":[],"class_list":["post-7893","post","type-post","status-publish","format-standard","has-post-thumbnail","hentry","category-infantil","category-i5","category-portada"],"post_mailing_queue_ids":[],"_links":{"self":[{"href":"https:\/\/agora.xtec.cat\/ceippractiques2-lleida\/wp-json\/wp\/v2\/posts\/7893","targetHints":{"allow":["GET"]}}],"collection":[{"href":"https:\/\/agora.xtec.cat\/ceippractiques2-lleida\/wp-json\/wp\/v2\/posts"}],"about":[{"href":"https:\/\/agora.xtec.cat\/ceippractiques2-lleida\/wp-json\/wp\/v2\/types\/post"}],"author":[{"embeddable":true,"href":"https:\/\/agora.xtec.cat\/ceippractiques2-lleida\/wp-json\/wp\/v2\/users\/36"}],"replies":[{"embeddable":true,"href":"https:\/\/agora.xtec.cat\/ceippractiques2-lleida\/wp-json\/wp\/v2\/comments?post=7893"}],"version-history":[{"count":1,"href":"https:\/\/agora.xtec.cat\/ceippractiques2-lleida\/wp-json\/wp\/v2\/posts\/7893\/revisions"}],"predecessor-version":[{"id":7896,"href":"https:\/\/agora.xtec.cat\/ceippractiques2-lleida\/wp-json\/wp\/v2\/posts\/7893\/revisions\/7896"}],"wp:featuredmedia":[{"embeddable":true,"href":"https:\/\/agora.xtec.cat\/ceippractiques2-lleida\/wp-json\/wp\/v2\/media\/7894"}],"wp:attachment":[{"href":"https:\/\/agora.xtec.cat\/ceippractiques2-lleida\/wp-json\/wp\/v2\/media?parent=7893"}],"wp:term":[{"taxonomy":"category","embeddable":true,"href":"https:\/\/agora.xtec.cat\/ceippractiques2-lleida\/wp-json\/wp\/v2\/categories?post=7893"},{"taxonomy":"post_tag","embeddable":true,"href":"https:\/\/agora.xtec.cat\/ceippractiques2-lleida\/wp-json\/wp\/v2\/tags?post=7893"}],"curies":[{"name":"wp","href":"https:\/\/api.w.org\/{rel}","templated":true}]}}