{"id":7882,"date":"2026-01-30T15:31:23","date_gmt":"2026-01-30T14:31:23","guid":{"rendered":"https:\/\/agora.xtec.cat\/ceippractiques2-lleida\/?p=7882"},"modified":"2026-02-13T09:43:22","modified_gmt":"2026-02-13T08:43:22","slug":"denip-2026-xarxa-descoles-unesco","status":"publish","type":"post","link":"https:\/\/agora.xtec.cat\/ceippractiques2-lleida\/general\/denip-2026-xarxa-descoles-unesco\/","title":{"rendered":"DENIP 2026 &#8211; Xarxa d&#8217;Escoles UNESCO"},"content":{"rendered":"<p data-start=\"140\" data-end=\"451\">La nostra escola, com a membre de la Xarxa d\u2019Escoles UNESCO de Lleida, ha participat aquest divendres 30 de gener en l\u2019acte de commemoraci\u00f3 del <strong data-start=\"284\" data-end=\"335\">Dia Escolar de la No Viol\u00e8ncia i la Pau (DENIP)<\/strong>, a la pla\u00e7a Ricard Vinyes juntament amb l\u2019Escola Joc de la Bola, el Col\u00b7legi Lestonnac i l\u2019Institut Ronda. La jornada, l&#8217;hem dedicat a la figura de <strong data-start=\"489\" data-end=\"503\">Rosa Parks<\/strong> sota el lema <em data-start=\"517\" data-end=\"554\">\u201cQu\u00e8 podem fer per millorar el m\u00f3n\u201d<\/em>, i ens hem reunit uns 300 alumnes i docents.<\/p>\n<p data-start=\"140\" data-end=\"451\">Els infants de Lestonnac han preparat l\u2019autob\u00fas de Rosa Parks; els alumnes de <strong data-start=\"676\" data-end=\"699\">6\u00e8 de l&#8217;Escola Pr\u00e0ctiques II<\/strong> han representat l\u2019escena clau de la seva lluita; Joc de la Bola ha compartit propostes per un m\u00f3n millor i l\u2019Institut Ronda ha llegit el manifest del DENIP. Ha sigut un mat\u00ed <strong data-start=\"879\" data-end=\"904\">emotiu i significatiu<\/strong>, recuperant les trobades de la Xarxa UNESCO de Lleida despr\u00e9s de la interrupci\u00f3 provocada per la pand\u00e8mia.<\/p>\n<p data-start=\"1013\" data-end=\"1247\"><span style=\"color: #008000;\">Aquesta setmana la <strong>R\u00e0dio UA1<\/strong> ha entrevistat a la <strong data-start=\"1050\" data-end=\"1059\">Bel\u00e9n<\/strong>, la nostra directora, en una entrevista\u00a0on ha parlat del DENIP, dels projectes del centre i de la realitat educativa actual.<\/span><\/p>\n<p data-start=\"1013\" data-end=\"1247\"><strong data-start=\"1187\" data-end=\"1238\">Podeu escoltar l\u2019entrevista a l\u2019enlla\u00e7 seg\u00fcent:<\/strong> <a href=\"https:\/\/www.ua1.cat\/?podcast=297842\">Entrevista a Belen Garde\u00f1es &#8211; La pla\u00e7a<\/a><\/p>\n<p><a href=\"https:\/\/agora.xtec.cat\/ceippractiques2-lleida\/wp-content\/uploads\/usu635\/2026\/01\/WhatsApp-Image-2026-01-30-at-15.09.21-1.jpeg\"><img loading=\"lazy\" decoding=\"async\" class=\"alignnone size-large wp-image-7883\" src=\"https:\/\/agora.xtec.cat\/ceippractiques2-lleida\/wp-content\/uploads\/usu635\/2026\/01\/WhatsApp-Image-2026-01-30-at-15.09.21-1-1024x596.jpeg\" alt=\"\" width=\"1024\" height=\"596\" srcset=\"https:\/\/agora.xtec.cat\/ceippractiques2-lleida\/wp-content\/uploads\/usu635\/2026\/01\/WhatsApp-Image-2026-01-30-at-15.09.21-1-1024x596.jpeg 1024w, https:\/\/agora.xtec.cat\/ceippractiques2-lleida\/wp-content\/uploads\/usu635\/2026\/01\/WhatsApp-Image-2026-01-30-at-15.09.21-1-300x175.jpeg 300w, https:\/\/agora.xtec.cat\/ceippractiques2-lleida\/wp-content\/uploads\/usu635\/2026\/01\/WhatsApp-Image-2026-01-30-at-15.09.21-1-768x447.jpeg 768w, https:\/\/agora.xtec.cat\/ceippractiques2-lleida\/wp-content\/uploads\/usu635\/2026\/01\/WhatsApp-Image-2026-01-30-at-15.09.21-1-1536x893.jpeg 1536w, https:\/\/agora.xtec.cat\/ceippractiques2-lleida\/wp-content\/uploads\/usu635\/2026\/01\/WhatsApp-Image-2026-01-30-at-15.09.21-1.jpeg 1585w\" sizes=\"auto, (max-width: 1024px) 100vw, 1024px\" \/><\/a><\/p>\n","protected":false},"excerpt":{"rendered":"<p>La nostra escola, com a membre de la Xarxa d\u2019Escoles UNESCO de Lleida, ha participat aquest divendres 30 de gener en l\u2019acte de commemoraci\u00f3 del Dia Escolar de la No Viol\u00e8ncia i la Pau (DENIP), a la pla\u00e7a Ricard Vinyes juntament amb l\u2019Escola Joc de&hellip;  <a href=\"https:\/\/agora.xtec.cat\/ceippractiques2-lleida\/general\/denip-2026-xarxa-descoles-unesco\/\" title=\"Read DENIP 2026 &#8211; Xarxa d&#8217;Escoles UNESCO\">Llegeix m\u00e9s\u00bb<\/a><\/p>\n","protected":false},"author":35,"featured_media":7884,"comment_status":"open","ping_status":"open","sticky":false,"template":"","format":"standard","meta":{"_bbp_topic_count":0,"_bbp_reply_count":0,"_bbp_total_topic_count":0,"_bbp_total_reply_count":0,"_bbp_voice_count":0,"_bbp_anonymous_reply_count":0,"_bbp_topic_count_hidden":0,"_bbp_reply_count_hidden":0,"_bbp_forum_subforum_count":0,"footnotes":""},"categories":[15,220,5,186,1,4,311],"tags":[],"class_list":["post-7882","post","type-post","status-publish","format-standard","has-post-thumbnail","hentry","category-6e","category-cicle-superior","category-primaria","category-festes","category-general","category-portada","category-sortides"],"post_mailing_queue_ids":[],"_links":{"self":[{"href":"https:\/\/agora.xtec.cat\/ceippractiques2-lleida\/wp-json\/wp\/v2\/posts\/7882","targetHints":{"allow":["GET"]}}],"collection":[{"href":"https:\/\/agora.xtec.cat\/ceippractiques2-lleida\/wp-json\/wp\/v2\/posts"}],"about":[{"href":"https:\/\/agora.xtec.cat\/ceippractiques2-lleida\/wp-json\/wp\/v2\/types\/post"}],"author":[{"embeddable":true,"href":"https:\/\/agora.xtec.cat\/ceippractiques2-lleida\/wp-json\/wp\/v2\/users\/35"}],"replies":[{"embeddable":true,"href":"https:\/\/agora.xtec.cat\/ceippractiques2-lleida\/wp-json\/wp\/v2\/comments?post=7882"}],"version-history":[{"count":1,"href":"https:\/\/agora.xtec.cat\/ceippractiques2-lleida\/wp-json\/wp\/v2\/posts\/7882\/revisions"}],"predecessor-version":[{"id":7885,"href":"https:\/\/agora.xtec.cat\/ceippractiques2-lleida\/wp-json\/wp\/v2\/posts\/7882\/revisions\/7885"}],"wp:featuredmedia":[{"embeddable":true,"href":"https:\/\/agora.xtec.cat\/ceippractiques2-lleida\/wp-json\/wp\/v2\/media\/7884"}],"wp:attachment":[{"href":"https:\/\/agora.xtec.cat\/ceippractiques2-lleida\/wp-json\/wp\/v2\/media?parent=7882"}],"wp:term":[{"taxonomy":"category","embeddable":true,"href":"https:\/\/agora.xtec.cat\/ceippractiques2-lleida\/wp-json\/wp\/v2\/categories?post=7882"},{"taxonomy":"post_tag","embeddable":true,"href":"https:\/\/agora.xtec.cat\/ceippractiques2-lleida\/wp-json\/wp\/v2\/tags?post=7882"}],"curies":[{"name":"wp","href":"https:\/\/api.w.org\/{rel}","templated":true}]}}