{"id":7820,"date":"2026-01-09T16:28:23","date_gmt":"2026-01-09T15:28:23","guid":{"rendered":"https:\/\/agora.xtec.cat\/ceippractiques2-lleida\/?p=7820"},"modified":"2026-01-09T16:28:23","modified_gmt":"2026-01-09T15:28:23","slug":"els-reixos-han-vingut-a-lescola","status":"publish","type":"post","link":"https:\/\/agora.xtec.cat\/ceippractiques2-lleida\/general\/els-reixos-han-vingut-a-lescola\/","title":{"rendered":"Els Reixos han vingut a l&#8217;escola!"},"content":{"rendered":"<p>Com cada any els Reixos han passat per l&#8217;Escola Pr\u00e0ctiques II per a deixar regals a cada classe. Durant aquesta setmana tot l&#8217;alumnat ha pogut jugar amb els jocs que vam demanar a les nostres cartes. A m\u00e9s a m\u00e9s, hem pogut incloure nous llibres a les nostres biblioteques d&#8217;aula perqu\u00e8 tamb\u00e9 ens han portat llibres fant\u00e0stics! Estem molt contents i contentes!<\/p>\n<p>Volem aprofitar per a felicitar a <strong>la Lara Lima Viteri i l&#8217;Ekai Castro Belmonte de 1rB<\/strong>, ja que van ser premiats al <em>XXIV\u00e8 Concurs de Dibuix de Reixos de Lleida<\/em>. Enhorabona!<\/p>\n<p>Tamb\u00e9 volem desitjar a tothom un feli\u00e7 any 2026!<\/p>\n<p><img loading=\"lazy\" decoding=\"async\" class=\"aligncenter size-full wp-image-7823\" src=\"https:\/\/agora.xtec.cat\/ceippractiques2-lleida\/wp-content\/uploads\/usu635\/2026\/01\/Disseny-sense-titol-14.png\" alt=\"\" width=\"940\" height=\"788\" srcset=\"https:\/\/agora.xtec.cat\/ceippractiques2-lleida\/wp-content\/uploads\/usu635\/2026\/01\/Disseny-sense-titol-14.png 940w, https:\/\/agora.xtec.cat\/ceippractiques2-lleida\/wp-content\/uploads\/usu635\/2026\/01\/Disseny-sense-titol-14-300x250.png 300w, https:\/\/agora.xtec.cat\/ceippractiques2-lleida\/wp-content\/uploads\/usu635\/2026\/01\/Disseny-sense-titol-14-768x644.png 768w\" sizes=\"auto, (max-width: 940px) 100vw, 940px\" \/><\/p>\n<p>&nbsp;<\/p>\n","protected":false},"excerpt":{"rendered":"<p>Com cada any els Reixos han passat per l&#8217;Escola Pr\u00e0ctiques II per a deixar regals a cada classe. Durant aquesta setmana tot l&#8217;alumnat ha pogut jugar amb els jocs que vam demanar a les nostres cartes. A m\u00e9s a m\u00e9s, hem pogut incloure nous llibres&hellip;  <a href=\"https:\/\/agora.xtec.cat\/ceippractiques2-lleida\/general\/els-reixos-han-vingut-a-lescola\/\" title=\"Read Els Reixos han vingut a l&#8217;escola!\">Llegeix m\u00e9s\u00bb<\/a><\/p>\n","protected":false},"author":1,"featured_media":7823,"comment_status":"closed","ping_status":"closed","sticky":false,"template":"","format":"standard","meta":{"_bbp_topic_count":0,"_bbp_reply_count":0,"_bbp_total_topic_count":0,"_bbp_total_reply_count":0,"_bbp_voice_count":0,"_bbp_anonymous_reply_count":0,"_bbp_topic_count_hidden":0,"_bbp_reply_count_hidden":0,"_bbp_forum_subforum_count":0,"footnotes":""},"categories":[220,215,221,2,5,186,1,4],"tags":[188,302,77,301,300,299,298],"class_list":["post-7820","post","type-post","status-publish","format-standard","has-post-thumbnail","hentry","category-cicle-superior","category-cicle-inicial","category-cicle-mijta","category-infantil","category-primaria","category-festes","category-general","category-portada","tag-jocs","tag-llibres","tag-nadal","tag-regals","tag-reis","tag-reismags","tag-reixos"],"post_mailing_queue_ids":[],"_links":{"self":[{"href":"https:\/\/agora.xtec.cat\/ceippractiques2-lleida\/wp-json\/wp\/v2\/posts\/7820","targetHints":{"allow":["GET"]}}],"collection":[{"href":"https:\/\/agora.xtec.cat\/ceippractiques2-lleida\/wp-json\/wp\/v2\/posts"}],"about":[{"href":"https:\/\/agora.xtec.cat\/ceippractiques2-lleida\/wp-json\/wp\/v2\/types\/post"}],"author":[{"embeddable":true,"href":"https:\/\/agora.xtec.cat\/ceippractiques2-lleida\/wp-json\/wp\/v2\/users\/1"}],"replies":[{"embeddable":true,"href":"https:\/\/agora.xtec.cat\/ceippractiques2-lleida\/wp-json\/wp\/v2\/comments?post=7820"}],"version-history":[{"count":2,"href":"https:\/\/agora.xtec.cat\/ceippractiques2-lleida\/wp-json\/wp\/v2\/posts\/7820\/revisions"}],"predecessor-version":[{"id":7824,"href":"https:\/\/agora.xtec.cat\/ceippractiques2-lleida\/wp-json\/wp\/v2\/posts\/7820\/revisions\/7824"}],"wp:featuredmedia":[{"embeddable":true,"href":"https:\/\/agora.xtec.cat\/ceippractiques2-lleida\/wp-json\/wp\/v2\/media\/7823"}],"wp:attachment":[{"href":"https:\/\/agora.xtec.cat\/ceippractiques2-lleida\/wp-json\/wp\/v2\/media?parent=7820"}],"wp:term":[{"taxonomy":"category","embeddable":true,"href":"https:\/\/agora.xtec.cat\/ceippractiques2-lleida\/wp-json\/wp\/v2\/categories?post=7820"},{"taxonomy":"post_tag","embeddable":true,"href":"https:\/\/agora.xtec.cat\/ceippractiques2-lleida\/wp-json\/wp\/v2\/tags?post=7820"}],"curies":[{"name":"wp","href":"https:\/\/api.w.org\/{rel}","templated":true}]}}