{"id":7778,"date":"2025-12-16T13:41:46","date_gmt":"2025-12-16T12:41:46","guid":{"rendered":"https:\/\/agora.xtec.cat\/ceippractiques2-lleida\/?p=7778"},"modified":"2026-02-10T12:27:55","modified_gmt":"2026-02-10T11:27:55","slug":"juguem-amb-les-matematiques-a-3r","status":"publish","type":"post","link":"https:\/\/agora.xtec.cat\/ceippractiques2-lleida\/general\/juguem-amb-les-matematiques-a-3r\/","title":{"rendered":"Juguem amb les matem\u00e0tiques a 3r!"},"content":{"rendered":"<p>El i les aprenents de Dual de la Universitat de Lleida han realitzat dues sessions de matem\u00e0tiques al pati amb l\u2019alumnat de tercer.<\/p>\n<p>Els nens i nenes han tingut l\u2019oportunitat de jugar a diferents jocs per repassar i ampliar el concepte de la multiplicaci\u00f3. Les activitats estaven molt ben pensades: curses d\u2019operacions, construir multiplicacions amb material manipulatiu i multiplicar amb els daus. Ha estat tot un \u00e8xit! Moltes gr\u00e0cies N\u00faria, Cl\u00e0udia i Pablo.<\/p>\n<p>Alhora, a l\u2019aula, tamb\u00e9 hem jugat a diferents jocs matem\u00e0tics: el tangram, el d\u00f2mino, el jenga, jocs de cartes com el Skyjo i l\u2019Uno, el quatre en ratlla, \u2026 Ho hem passat molt b\u00e9!<\/p>\n<p><strong>Aprendre jugant sempre \u00e9s una bona opci\u00f3!<\/strong><\/p>\n<p>Per veure les fotos, fes click a la imatge:<\/p>\n<p><a href=\"https:\/\/drive.google.com\/drive\/folders\/1AYAOK3JJ4m_ZvTplleiTE5OjxEbGOGC8?usp=drive_link\"><img loading=\"lazy\" decoding=\"async\" class=\"alignnone size-large wp-image-7785\" src=\"https:\/\/agora.xtec.cat\/ceippractiques2-lleida\/wp-content\/uploads\/usu635\/2025\/12\/221111-1024x768.jpg\" alt=\"\" width=\"1024\" height=\"768\" srcset=\"https:\/\/agora.xtec.cat\/ceippractiques2-lleida\/wp-content\/uploads\/usu635\/2025\/12\/221111-1024x768.jpg 1024w, https:\/\/agora.xtec.cat\/ceippractiques2-lleida\/wp-content\/uploads\/usu635\/2025\/12\/221111-300x225.jpg 300w, https:\/\/agora.xtec.cat\/ceippractiques2-lleida\/wp-content\/uploads\/usu635\/2025\/12\/221111-768x576.jpg 768w, https:\/\/agora.xtec.cat\/ceippractiques2-lleida\/wp-content\/uploads\/usu635\/2025\/12\/221111-1536x1152.jpg 1536w, https:\/\/agora.xtec.cat\/ceippractiques2-lleida\/wp-content\/uploads\/usu635\/2025\/12\/221111-2048x1536.jpg 2048w, https:\/\/agora.xtec.cat\/ceippractiques2-lleida\/wp-content\/uploads\/usu635\/2025\/12\/221111-200x150.jpg 200w\" sizes=\"auto, (max-width: 1024px) 100vw, 1024px\" \/><\/a><\/p>\n","protected":false},"excerpt":{"rendered":"<p>El i les aprenents de Dual de la Universitat de Lleida han realitzat dues sessions de matem\u00e0tiques al pati amb l\u2019alumnat de tercer.<br \/>\nEls nens i nenes han tingut l\u2019oportunitat de jugar a diferents jocs per repassar i ampliar el concepte de la multiplicaci\u00f3. Les activitats&hellip;  <a href=\"https:\/\/agora.xtec.cat\/ceippractiques2-lleida\/general\/juguem-amb-les-matematiques-a-3r\/\" title=\"Read Juguem amb les matem\u00e0tiques a 3r!\">Llegeix m\u00e9s\u00bb<\/a><\/p>\n","protected":false},"author":33,"featured_media":7785,"comment_status":"open","ping_status":"open","sticky":false,"template":"","format":"standard","meta":{"_bbp_topic_count":0,"_bbp_reply_count":0,"_bbp_total_topic_count":0,"_bbp_total_reply_count":0,"_bbp_voice_count":0,"_bbp_anonymous_reply_count":0,"_bbp_topic_count_hidden":0,"_bbp_reply_count_hidden":0,"_bbp_forum_subforum_count":0,"footnotes":""},"categories":[12,221,5,1,309,4],"tags":[],"class_list":["post-7778","post","type-post","status-publish","format-standard","has-post-thumbnail","hentry","category-3r","category-cicle-mijta","category-primaria","category-general","category-pati-escolar","category-portada"],"post_mailing_queue_ids":[],"_links":{"self":[{"href":"https:\/\/agora.xtec.cat\/ceippractiques2-lleida\/wp-json\/wp\/v2\/posts\/7778","targetHints":{"allow":["GET"]}}],"collection":[{"href":"https:\/\/agora.xtec.cat\/ceippractiques2-lleida\/wp-json\/wp\/v2\/posts"}],"about":[{"href":"https:\/\/agora.xtec.cat\/ceippractiques2-lleida\/wp-json\/wp\/v2\/types\/post"}],"author":[{"embeddable":true,"href":"https:\/\/agora.xtec.cat\/ceippractiques2-lleida\/wp-json\/wp\/v2\/users\/33"}],"replies":[{"embeddable":true,"href":"https:\/\/agora.xtec.cat\/ceippractiques2-lleida\/wp-json\/wp\/v2\/comments?post=7778"}],"version-history":[{"count":5,"href":"https:\/\/agora.xtec.cat\/ceippractiques2-lleida\/wp-json\/wp\/v2\/posts\/7778\/revisions"}],"predecessor-version":[{"id":7787,"href":"https:\/\/agora.xtec.cat\/ceippractiques2-lleida\/wp-json\/wp\/v2\/posts\/7778\/revisions\/7787"}],"wp:featuredmedia":[{"embeddable":true,"href":"https:\/\/agora.xtec.cat\/ceippractiques2-lleida\/wp-json\/wp\/v2\/media\/7785"}],"wp:attachment":[{"href":"https:\/\/agora.xtec.cat\/ceippractiques2-lleida\/wp-json\/wp\/v2\/media?parent=7778"}],"wp:term":[{"taxonomy":"category","embeddable":true,"href":"https:\/\/agora.xtec.cat\/ceippractiques2-lleida\/wp-json\/wp\/v2\/categories?post=7778"},{"taxonomy":"post_tag","embeddable":true,"href":"https:\/\/agora.xtec.cat\/ceippractiques2-lleida\/wp-json\/wp\/v2\/tags?post=7778"}],"curies":[{"name":"wp","href":"https:\/\/api.w.org\/{rel}","templated":true}]}}