{"id":7753,"date":"2025-12-09T16:03:43","date_gmt":"2025-12-09T15:03:43","guid":{"rendered":"https:\/\/agora.xtec.cat\/ceippractiques2-lleida\/?p=7753"},"modified":"2025-12-09T16:10:37","modified_gmt":"2025-12-09T15:10:37","slug":"projecte-el-cos-huma-a-2n","status":"publish","type":"post","link":"https:\/\/agora.xtec.cat\/ceippractiques2-lleida\/general\/projecte-el-cos-huma-a-2n\/","title":{"rendered":"Projecte El Cos Hum\u00e0 a 2n"},"content":{"rendered":"<p>Aquest trimestre l&#8217;alumnat de 2n est\u00e0 realitzant el projecte sobre el cos hum\u00e0. Hem treballat les articulacions i alguns dels ossos m\u00e9s importants del nostre cos amb l&#8217;esquelet que tenim a l&#8217;escola. Tamb\u00e9 ens hem preguntat com s&#8217;ho fa el menjar per viatjar pel nostre cos fins ser expulsat &#8230; Hem descobert que realitza diferents parades!! Primera parada: l&#8217;est\u00f3mac; segona parada: el budell primer; tercera parada: el budell gros. Sab\u00edeu que el proc\u00e9s de digesti\u00f3 dura entre 24 i 72 hores ?? \u00c9s un proc\u00e9s fascinant!!<\/p>\n<p><a href=\"https:\/\/drive.google.com\/drive\/folders\/1tyfH4Lpdh2fceFPGlNDjzWhLG-ttVp62?usp=drive_link\"><img loading=\"lazy\" decoding=\"async\" class=\"alignnone size-full wp-image-7769\" src=\"https:\/\/agora.xtec.cat\/ceippractiques2-lleida\/wp-content\/uploads\/usu635\/2025\/11\/projecte.png\" alt=\"\" width=\"657\" height=\"497\" srcset=\"https:\/\/agora.xtec.cat\/ceippractiques2-lleida\/wp-content\/uploads\/usu635\/2025\/11\/projecte.png 657w, https:\/\/agora.xtec.cat\/ceippractiques2-lleida\/wp-content\/uploads\/usu635\/2025\/11\/projecte-300x227.png 300w, https:\/\/agora.xtec.cat\/ceippractiques2-lleida\/wp-content\/uploads\/usu635\/2025\/11\/projecte-200x150.png 200w\" sizes=\"auto, (max-width: 657px) 100vw, 657px\" \/><\/a><\/p>\n","protected":false},"excerpt":{"rendered":"<p>Aquest trimestre l&#8217;alumnat de 2n est\u00e0 realitzant el projecte sobre el cos hum\u00e0. Hem treballat les articulacions i alguns dels ossos m\u00e9s importants del nostre cos amb l&#8217;esquelet que tenim a l&#8217;escola. Tamb\u00e9 ens hem preguntat com s&#8217;ho fa el menjar per viatjar pel nostre&hellip;  <a href=\"https:\/\/agora.xtec.cat\/ceippractiques2-lleida\/general\/projecte-el-cos-huma-a-2n\/\" title=\"Read Projecte El Cos Hum\u00e0 a 2n\">Llegeix m\u00e9s\u00bb<\/a><\/p>\n","protected":false},"author":34,"featured_media":0,"comment_status":"open","ping_status":"open","sticky":false,"template":"","format":"standard","meta":{"_bbp_topic_count":0,"_bbp_reply_count":0,"_bbp_total_topic_count":0,"_bbp_total_reply_count":0,"_bbp_voice_count":0,"_bbp_anonymous_reply_count":0,"_bbp_topic_count_hidden":0,"_bbp_reply_count_hidden":0,"_bbp_forum_subforum_count":0,"footnotes":""},"categories":[11,215,5,1,4],"tags":[297],"class_list":["post-7753","post","type-post","status-publish","format-standard","hentry","category-2n","category-cicle-inicial","category-primaria","category-general","category-portada","tag-projecte-cos-huma"],"post_mailing_queue_ids":[],"_links":{"self":[{"href":"https:\/\/agora.xtec.cat\/ceippractiques2-lleida\/wp-json\/wp\/v2\/posts\/7753","targetHints":{"allow":["GET"]}}],"collection":[{"href":"https:\/\/agora.xtec.cat\/ceippractiques2-lleida\/wp-json\/wp\/v2\/posts"}],"about":[{"href":"https:\/\/agora.xtec.cat\/ceippractiques2-lleida\/wp-json\/wp\/v2\/types\/post"}],"author":[{"embeddable":true,"href":"https:\/\/agora.xtec.cat\/ceippractiques2-lleida\/wp-json\/wp\/v2\/users\/34"}],"replies":[{"embeddable":true,"href":"https:\/\/agora.xtec.cat\/ceippractiques2-lleida\/wp-json\/wp\/v2\/comments?post=7753"}],"version-history":[{"count":4,"href":"https:\/\/agora.xtec.cat\/ceippractiques2-lleida\/wp-json\/wp\/v2\/posts\/7753\/revisions"}],"predecessor-version":[{"id":7771,"href":"https:\/\/agora.xtec.cat\/ceippractiques2-lleida\/wp-json\/wp\/v2\/posts\/7753\/revisions\/7771"}],"wp:attachment":[{"href":"https:\/\/agora.xtec.cat\/ceippractiques2-lleida\/wp-json\/wp\/v2\/media?parent=7753"}],"wp:term":[{"taxonomy":"category","embeddable":true,"href":"https:\/\/agora.xtec.cat\/ceippractiques2-lleida\/wp-json\/wp\/v2\/categories?post=7753"},{"taxonomy":"post_tag","embeddable":true,"href":"https:\/\/agora.xtec.cat\/ceippractiques2-lleida\/wp-json\/wp\/v2\/tags?post=7753"}],"curies":[{"name":"wp","href":"https:\/\/api.w.org\/{rel}","templated":true}]}}