{"id":7738,"date":"2025-11-26T16:45:49","date_gmt":"2025-11-26T15:45:49","guid":{"rendered":"https:\/\/agora.xtec.cat\/ceippractiques2-lleida\/?p=7738"},"modified":"2026-02-10T12:01:57","modified_gmt":"2026-02-10T11:01:57","slug":"tallers-plastics-a-cicle-inicial","status":"publish","type":"post","link":"https:\/\/agora.xtec.cat\/ceippractiques2-lleida\/general\/tallers-plastics-a-cicle-inicial\/","title":{"rendered":"Tallers pl\u00e0stics a Cicle Inicial"},"content":{"rendered":"<p data-start=\"94\" data-end=\"363\"><span data-start=\"137\" data-end=\"171\">Us deixem un recull dels <\/span><strong data-start=\"137\" data-end=\"171\">Tallers Art\u00edstics de Cicle Inicial<\/strong>, els nens i nenes de 1r i 2n son molt artistes!!! Hem utilitzat diferents t\u00e8cniques com pintura, collage i modelatge, tamb\u00e9 ens hem inspirant en diferents autors gaudim de les tardes de dijous plens de creativitat.<\/p>\n<p data-start=\"365\" data-end=\"462\">Les <strong data-start=\"369\" data-end=\"406\">produccions realitzades s\u2019exposen<\/strong> aquests dies al passad\u00eds perqu\u00e8 tothom les pugui veure.<\/p>\n<p data-start=\"365\" data-end=\"462\"><a href=\"https:\/\/drive.google.com\/drive\/folders\/1oOu6qRMPdzF3giB1fS_byyCtJjWULMY3?usp=drive_link\"><img loading=\"lazy\" decoding=\"async\" class=\"alignnone size-full wp-image-7747\" src=\"https:\/\/agora.xtec.cat\/ceippractiques2-lleida\/wp-content\/uploads\/usu635\/2025\/11\/tallers.jpg\" alt=\"\" width=\"682\" height=\"477\" srcset=\"https:\/\/agora.xtec.cat\/ceippractiques2-lleida\/wp-content\/uploads\/usu635\/2025\/11\/tallers.jpg 682w, https:\/\/agora.xtec.cat\/ceippractiques2-lleida\/wp-content\/uploads\/usu635\/2025\/11\/tallers-300x210.jpg 300w\" sizes=\"auto, (max-width: 682px) 100vw, 682px\" \/><\/a><\/p>\n","protected":false},"excerpt":{"rendered":"<p>Us deixem un recull dels Tallers Art\u00edstics de Cicle Inicial, els nens i nenes de 1r i 2n son molt artistes!!! Hem utilitzat diferents t\u00e8cniques com pintura, collage i modelatge, tamb\u00e9 ens hem inspirant en diferents autors gaudim de les tardes de dijous plens de&hellip;  <a href=\"https:\/\/agora.xtec.cat\/ceippractiques2-lleida\/general\/tallers-plastics-a-cicle-inicial\/\" title=\"Read Tallers pl\u00e0stics a Cicle Inicial\">Llegeix m\u00e9s\u00bb<\/a><\/p>\n","protected":false},"author":34,"featured_media":0,"comment_status":"open","ping_status":"open","sticky":false,"template":"","format":"standard","meta":{"_bbp_topic_count":0,"_bbp_reply_count":0,"_bbp_total_topic_count":0,"_bbp_total_reply_count":0,"_bbp_voice_count":0,"_bbp_anonymous_reply_count":0,"_bbp_topic_count_hidden":0,"_bbp_reply_count_hidden":0,"_bbp_forum_subforum_count":0,"footnotes":""},"categories":[10,11,215,5,1,4],"tags":[194],"class_list":["post-7738","post","type-post","status-publish","format-standard","hentry","category-1r","category-2n","category-cicle-inicial","category-primaria","category-general","category-portada","tag-tallers"],"post_mailing_queue_ids":[],"_links":{"self":[{"href":"https:\/\/agora.xtec.cat\/ceippractiques2-lleida\/wp-json\/wp\/v2\/posts\/7738","targetHints":{"allow":["GET"]}}],"collection":[{"href":"https:\/\/agora.xtec.cat\/ceippractiques2-lleida\/wp-json\/wp\/v2\/posts"}],"about":[{"href":"https:\/\/agora.xtec.cat\/ceippractiques2-lleida\/wp-json\/wp\/v2\/types\/post"}],"author":[{"embeddable":true,"href":"https:\/\/agora.xtec.cat\/ceippractiques2-lleida\/wp-json\/wp\/v2\/users\/34"}],"replies":[{"embeddable":true,"href":"https:\/\/agora.xtec.cat\/ceippractiques2-lleida\/wp-json\/wp\/v2\/comments?post=7738"}],"version-history":[{"count":5,"href":"https:\/\/agora.xtec.cat\/ceippractiques2-lleida\/wp-json\/wp\/v2\/posts\/7738\/revisions"}],"predecessor-version":[{"id":7756,"href":"https:\/\/agora.xtec.cat\/ceippractiques2-lleida\/wp-json\/wp\/v2\/posts\/7738\/revisions\/7756"}],"wp:attachment":[{"href":"https:\/\/agora.xtec.cat\/ceippractiques2-lleida\/wp-json\/wp\/v2\/media?parent=7738"}],"wp:term":[{"taxonomy":"category","embeddable":true,"href":"https:\/\/agora.xtec.cat\/ceippractiques2-lleida\/wp-json\/wp\/v2\/categories?post=7738"},{"taxonomy":"post_tag","embeddable":true,"href":"https:\/\/agora.xtec.cat\/ceippractiques2-lleida\/wp-json\/wp\/v2\/tags?post=7738"}],"curies":[{"name":"wp","href":"https:\/\/api.w.org\/{rel}","templated":true}]}}