{"id":7673,"date":"2025-11-19T17:04:07","date_gmt":"2025-11-19T16:04:07","guid":{"rendered":"https:\/\/agora.xtec.cat\/ceippractiques2-lleida\/?p=7673"},"modified":"2026-02-10T12:02:14","modified_gmt":"2026-02-10T11:02:14","slug":"tallers-internivells-a-cicle-mitja","status":"publish","type":"post","link":"https:\/\/agora.xtec.cat\/ceippractiques2-lleida\/general\/tallers-internivells-a-cicle-mitja\/","title":{"rendered":"Tallers INTERNIVELLS a Cicle Mitj\u00e0"},"content":{"rendered":"<p data-start=\"110\" data-end=\"454\">Aquest trimestre, a Cicle Mitj\u00e0 hem engegat una nova proposta de tallers internivells que permet barrejar tot l\u2019alumnat del cicle i distribuir-lo en sis grups. D\u2019aquesta manera, els nens i nenes poden compartir aprenentatges, interessos i experi\u00e8ncies amb companys i companyes d\u2019altres classes, afavorint la conviv\u00e8ncia i el treball cooperatiu.<\/p>\n<p data-start=\"456\" data-end=\"572\">Cada grup participa en un taller diferent, pensat per desenvolupar compet\u00e8ncies variades i estimular la creativitat:<\/p>\n<ul data-start=\"574\" data-end=\"1395\">\n<li data-start=\"574\" data-end=\"716\">\n<p data-start=\"576\" data-end=\"716\"><strong data-start=\"576\" data-end=\"610\">Taller de materials reciclats:<\/strong> transformem objectes quotidians per donar-los una nova vida i prendre consci\u00e8ncia de la sostenibilitat adaptant-los a instruments musicals.<\/p>\n<\/li>\n<li data-start=\"717\" data-end=\"849\">\n<p data-start=\"719\" data-end=\"849\"><strong data-start=\"719\" data-end=\"752\">Taller de cartells en angl\u00e8s:<\/strong> treballem la relaci\u00f3 entre salut i ci\u00e8ncia tot creant cartells informatius en llengua anglesa.<\/p>\n<\/li>\n<li data-start=\"850\" data-end=\"958\">\n<p data-start=\"852\" data-end=\"958\"><strong data-start=\"852\" data-end=\"890\">Taller de patrimoni i conviv\u00e8ncia:<\/strong> explorem el m\u00f3n dels vitralls i el seu valor art\u00edstic i cultural.<\/p>\n<\/li>\n<li data-start=\"959\" data-end=\"1106\">\n<p data-start=\"961\" data-end=\"1106\"><strong data-start=\"961\" data-end=\"989\">Taller d\u2019ombres xineses:<\/strong> treballem l\u2019expressi\u00f3 oral i escrita en catal\u00e0 mentre donem vida a personatges i hist\u00f2ries a trav\u00e9s de les ombres.<\/p>\n<\/li>\n<li data-start=\"1107\" data-end=\"1230\">\n<p data-start=\"1109\" data-end=\"1230\"><strong data-start=\"1109\" data-end=\"1139\">Taller d\u2019art amb Van Gogh:<\/strong> ens endinsem en l\u2019obra d\u2019aquest artista per descobrir noves formes d\u2019expressi\u00f3 pl\u00e0stica.<\/p>\n<\/li>\n<li data-start=\"1231\" data-end=\"1395\">\n<p data-start=\"1233\" data-end=\"1395\"><strong data-start=\"1233\" data-end=\"1260\">Taller de volta al m\u00f3n:<\/strong> vinculant-lo amb el projecte del curs, treballem la t\u00e8cnica de l\u2019esgrafiat.<\/p>\n<\/li>\n<\/ul>\n<p data-start=\"1397\" data-end=\"1611\">Aquests tallers ofereixen una oportunitat enriquidora perqu\u00e8 l\u2019alumnat aprengui d\u2019una manera vivencial, creativa i compartida, refor\u00e7ant el sentiment de pertinen\u00e7a i ampliant la mirada sobre el m\u00f3n que els envolta.<\/p>\n<p data-start=\"1397\" data-end=\"1611\"><a href=\"https:\/\/drive.google.com\/drive\/folders\/1DaqRzUrqZ05ePRR23R7pYyF48ZMXg1L4?usp=drive_link\"><img loading=\"lazy\" decoding=\"async\" class=\"alignnone size-large wp-image-7674\" src=\"https:\/\/agora.xtec.cat\/ceippractiques2-lleida\/wp-content\/uploads\/usu635\/2025\/11\/A-1024x573.png\" alt=\"\" width=\"1024\" height=\"573\" srcset=\"https:\/\/agora.xtec.cat\/ceippractiques2-lleida\/wp-content\/uploads\/usu635\/2025\/11\/A-1024x573.png 1024w, https:\/\/agora.xtec.cat\/ceippractiques2-lleida\/wp-content\/uploads\/usu635\/2025\/11\/A-300x168.png 300w, https:\/\/agora.xtec.cat\/ceippractiques2-lleida\/wp-content\/uploads\/usu635\/2025\/11\/A-768x430.png 768w, https:\/\/agora.xtec.cat\/ceippractiques2-lleida\/wp-content\/uploads\/usu635\/2025\/11\/A-1536x860.png 1536w, https:\/\/agora.xtec.cat\/ceippractiques2-lleida\/wp-content\/uploads\/usu635\/2025\/11\/A.png 1600w\" sizes=\"auto, (max-width: 1024px) 100vw, 1024px\" \/><\/a><\/p>\n","protected":false},"excerpt":{"rendered":"<p>Aquest trimestre, a Cicle Mitj\u00e0 hem engegat una nova proposta de tallers internivells que permet barrejar tot l\u2019alumnat del cicle i distribuir-lo en sis grups. D\u2019aquesta manera, els nens i nenes poden compartir aprenentatges, interessos i experi\u00e8ncies amb companys i companyes d\u2019altres classes, afavorint la&hellip;  <a href=\"https:\/\/agora.xtec.cat\/ceippractiques2-lleida\/general\/tallers-internivells-a-cicle-mitja\/\" title=\"Read Tallers INTERNIVELLS a Cicle Mitj\u00e0\">Llegeix m\u00e9s\u00bb<\/a><\/p>\n","protected":false},"author":27,"featured_media":7674,"comment_status":"open","ping_status":"open","sticky":false,"template":"","format":"standard","meta":{"_bbp_topic_count":0,"_bbp_reply_count":0,"_bbp_total_topic_count":0,"_bbp_total_reply_count":0,"_bbp_voice_count":0,"_bbp_anonymous_reply_count":0,"_bbp_topic_count_hidden":0,"_bbp_reply_count_hidden":0,"_bbp_forum_subforum_count":0,"footnotes":""},"categories":[12,13,221,5,1,4,24],"tags":[194],"class_list":["post-7673","post","type-post","status-publish","format-standard","has-post-thumbnail","hentry","category-3r","category-4t","category-cicle-mijta","category-primaria","category-general","category-portada","category-tallers","tag-tallers"],"post_mailing_queue_ids":[],"_links":{"self":[{"href":"https:\/\/agora.xtec.cat\/ceippractiques2-lleida\/wp-json\/wp\/v2\/posts\/7673","targetHints":{"allow":["GET"]}}],"collection":[{"href":"https:\/\/agora.xtec.cat\/ceippractiques2-lleida\/wp-json\/wp\/v2\/posts"}],"about":[{"href":"https:\/\/agora.xtec.cat\/ceippractiques2-lleida\/wp-json\/wp\/v2\/types\/post"}],"author":[{"embeddable":true,"href":"https:\/\/agora.xtec.cat\/ceippractiques2-lleida\/wp-json\/wp\/v2\/users\/27"}],"replies":[{"embeddable":true,"href":"https:\/\/agora.xtec.cat\/ceippractiques2-lleida\/wp-json\/wp\/v2\/comments?post=7673"}],"version-history":[{"count":2,"href":"https:\/\/agora.xtec.cat\/ceippractiques2-lleida\/wp-json\/wp\/v2\/posts\/7673\/revisions"}],"predecessor-version":[{"id":7676,"href":"https:\/\/agora.xtec.cat\/ceippractiques2-lleida\/wp-json\/wp\/v2\/posts\/7673\/revisions\/7676"}],"wp:featuredmedia":[{"embeddable":true,"href":"https:\/\/agora.xtec.cat\/ceippractiques2-lleida\/wp-json\/wp\/v2\/media\/7674"}],"wp:attachment":[{"href":"https:\/\/agora.xtec.cat\/ceippractiques2-lleida\/wp-json\/wp\/v2\/media?parent=7673"}],"wp:term":[{"taxonomy":"category","embeddable":true,"href":"https:\/\/agora.xtec.cat\/ceippractiques2-lleida\/wp-json\/wp\/v2\/categories?post=7673"},{"taxonomy":"post_tag","embeddable":true,"href":"https:\/\/agora.xtec.cat\/ceippractiques2-lleida\/wp-json\/wp\/v2\/tags?post=7673"}],"curies":[{"name":"wp","href":"https:\/\/api.w.org\/{rel}","templated":true}]}}