{"id":7605,"date":"2025-11-06T13:45:20","date_gmt":"2025-11-06T12:45:20","guid":{"rendered":"https:\/\/agora.xtec.cat\/ceippractiques2-lleida\/?p=7605"},"modified":"2025-11-07T09:10:43","modified_gmt":"2025-11-07T08:10:43","slug":"a-i5-fem-oli","status":"publish","type":"post","link":"https:\/\/agora.xtec.cat\/ceippractiques2-lleida\/general\/a-i5-fem-oli\/","title":{"rendered":"A I5 FEM OLI!!"},"content":{"rendered":"<p>Aquests dies, els nens i nenes de I5, aprofitant que hi havia olives a l&#8217;oliver de l&#8217;escola ens hem convertit en pagesos i pageses!!<\/p>\n<p>Primer, molt emocionats, vam anar a collir olives amb l&#8217;ajuda d&#8217;uns rasclets i vam omplir un bon cab\u00e0s.<\/p>\n<p>Despr\u00e9s, a la classe, vam veure el proc\u00e9s que realitzen les cooperatives per fer la producci\u00f3 de l&#8217;oli.<\/p>\n<p>Finalment, vam fer un experiment per tal de fer-ho nosaltres.<\/p>\n<p>I quin va ser el proc\u00e9s? doncs, vam treure el pinyol de l&#8217;oliva i amb una batedora la vam triturar. Vam ficar la massa que va sortir amb un drap de cot\u00f3 i vam poder observar com d&#8217;all\u00ed, sortia oli. Que divertit!!<\/p>\n<p>Cliqueu sobre la imatge per tal de veure tota aquesta enriquidora experi\u00e8ncia.<a href=\"https:\/\/agora.xtec.cat\/ceippractiques2-lleida\/wp-content\/uploads\/usu635\/2025\/11\/IMG_2429.heic\"><img decoding=\"async\" class=\"alignnone size-full wp-image-7606\" src=\"https:\/\/agora.xtec.cat\/ceippractiques2-lleida\/wp-content\/uploads\/usu635\/2025\/11\/IMG_2429.heic\" alt=\"\" \/><\/a><a href=\"https:\/\/drive.google.com\/drive\/folders\/15pRpkFQGGSESFB-Ku49QECTBgnZJCwLx?usp=sharing\" target=\"_blank\" rel=\"noopener\"><img loading=\"lazy\" decoding=\"async\" class=\"wp-image-7609 aligncenter\" src=\"https:\/\/agora.xtec.cat\/ceippractiques2-lleida\/wp-content\/uploads\/usu635\/2025\/11\/Captura-de-pantalla-2025-11-06-133943.jpg\" alt=\"\" width=\"202\" height=\"270\" srcset=\"https:\/\/agora.xtec.cat\/ceippractiques2-lleida\/wp-content\/uploads\/usu635\/2025\/11\/Captura-de-pantalla-2025-11-06-133943.jpg 640w, https:\/\/agora.xtec.cat\/ceippractiques2-lleida\/wp-content\/uploads\/usu635\/2025\/11\/Captura-de-pantalla-2025-11-06-133943-224x300.jpg 224w\" sizes=\"auto, (max-width: 202px) 100vw, 202px\" \/><\/a><\/p>\n<p>&nbsp;<\/p>\n","protected":false},"excerpt":{"rendered":"<p>Aquests dies, els nens i nenes de I5, aprofitant que hi havia olives a l&#8217;oliver de l&#8217;escola ens hem convertit en pagesos i pageses!!<br \/>\nPrimer, molt emocionats, vam anar a collir olives amb l&#8217;ajuda d&#8217;uns rasclets i vam omplir un bon cab\u00e0s.<br \/>\nDespr\u00e9s, a la classe, vam&hellip;  <a href=\"https:\/\/agora.xtec.cat\/ceippractiques2-lleida\/general\/a-i5-fem-oli\/\" title=\"Read A I5 FEM OLI!!\">Llegeix m\u00e9s\u00bb<\/a><\/p>\n","protected":false},"author":24,"featured_media":7609,"comment_status":"open","ping_status":"open","sticky":false,"template":"","format":"standard","meta":{"_bbp_topic_count":0,"_bbp_reply_count":0,"_bbp_total_topic_count":0,"_bbp_total_reply_count":0,"_bbp_voice_count":0,"_bbp_anonymous_reply_count":0,"_bbp_topic_count_hidden":0,"_bbp_reply_count_hidden":0,"_bbp_forum_subforum_count":0,"footnotes":""},"categories":[2,1,9,4],"tags":[],"class_list":["post-7605","post","type-post","status-publish","format-standard","has-post-thumbnail","hentry","category-infantil","category-general","category-i5","category-portada"],"post_mailing_queue_ids":[],"_links":{"self":[{"href":"https:\/\/agora.xtec.cat\/ceippractiques2-lleida\/wp-json\/wp\/v2\/posts\/7605","targetHints":{"allow":["GET"]}}],"collection":[{"href":"https:\/\/agora.xtec.cat\/ceippractiques2-lleida\/wp-json\/wp\/v2\/posts"}],"about":[{"href":"https:\/\/agora.xtec.cat\/ceippractiques2-lleida\/wp-json\/wp\/v2\/types\/post"}],"author":[{"embeddable":true,"href":"https:\/\/agora.xtec.cat\/ceippractiques2-lleida\/wp-json\/wp\/v2\/users\/24"}],"replies":[{"embeddable":true,"href":"https:\/\/agora.xtec.cat\/ceippractiques2-lleida\/wp-json\/wp\/v2\/comments?post=7605"}],"version-history":[{"count":2,"href":"https:\/\/agora.xtec.cat\/ceippractiques2-lleida\/wp-json\/wp\/v2\/posts\/7605\/revisions"}],"predecessor-version":[{"id":7611,"href":"https:\/\/agora.xtec.cat\/ceippractiques2-lleida\/wp-json\/wp\/v2\/posts\/7605\/revisions\/7611"}],"wp:featuredmedia":[{"embeddable":true,"href":"https:\/\/agora.xtec.cat\/ceippractiques2-lleida\/wp-json\/wp\/v2\/media\/7609"}],"wp:attachment":[{"href":"https:\/\/agora.xtec.cat\/ceippractiques2-lleida\/wp-json\/wp\/v2\/media?parent=7605"}],"wp:term":[{"taxonomy":"category","embeddable":true,"href":"https:\/\/agora.xtec.cat\/ceippractiques2-lleida\/wp-json\/wp\/v2\/categories?post=7605"},{"taxonomy":"post_tag","embeddable":true,"href":"https:\/\/agora.xtec.cat\/ceippractiques2-lleida\/wp-json\/wp\/v2\/tags?post=7605"}],"curies":[{"name":"wp","href":"https:\/\/api.w.org\/{rel}","templated":true}]}}