{"id":7349,"date":"2025-04-11T17:11:35","date_gmt":"2025-04-11T15:11:35","guid":{"rendered":"https:\/\/agora.xtec.cat\/ceippractiques2-lleida\/?p=7349"},"modified":"2026-02-10T12:12:30","modified_gmt":"2026-02-10T11:12:30","slug":"els-programes-de-radio-de-cicle-superior","status":"publish","type":"post","link":"https:\/\/agora.xtec.cat\/ceippractiques2-lleida\/general\/els-programes-de-radio-de-cicle-superior\/","title":{"rendered":"Els programes de r\u00e0dio de Cicle Superior!"},"content":{"rendered":"<p>Despr\u00e9s d&#8217;aprofundir en el projecte interdisciplinari dels Mitjans de Comunicaci\u00f3 i especialitzar-nos en la r\u00e0dio, us hem volgut explicar la nostra aventura i coneixements amb un programa de r\u00e0dio.<\/p>\n<p>Ens podeu escoltar fent clic a les seg\u00fcents imatges:<\/p>\n<table style=\"height: 218px; width: 100%; border-collapse: collapse; background-color: #ffffff;\">\n<tbody>\n<tr style=\"height: 32px;\">\n<td style=\"width: 25%; height: 32px; text-align: center;\"><strong>5\u00e8 A<\/strong><\/td>\n<td style=\"width: 25%; height: 32px; text-align: center;\"><strong>5\u00e8 B<\/strong><\/td>\n<td style=\"width: 25%; height: 32px; text-align: center;\"><strong>6\u00e8 A<\/strong><\/td>\n<td style=\"width: 25%; height: 32px; text-align: center;\"><strong>6\u00e8 B<\/strong><\/td>\n<\/tr>\n<tr style=\"height: 186px;\">\n<td style=\"width: 25%; height: 186px; background-color: #ffffff;\"><a href=\"https:\/\/drive.google.com\/file\/d\/1PvLyOT4kq_0FjZ-C9q4aufUSztukpJc-\/view?usp=drive_link\" target=\"_blank\" rel=\"noopener\"><img loading=\"lazy\" decoding=\"async\" class=\"wp-image-7354 aligncenter\" src=\"https:\/\/agora.xtec.cat\/ceippractiques2-lleida\/wp-content\/uploads\/usu635\/2025\/04\/3.png\" alt=\"\" width=\"162\" height=\"162\" srcset=\"https:\/\/agora.xtec.cat\/ceippractiques2-lleida\/wp-content\/uploads\/usu635\/2025\/04\/3.png 500w, https:\/\/agora.xtec.cat\/ceippractiques2-lleida\/wp-content\/uploads\/usu635\/2025\/04\/3-300x300.png 300w, https:\/\/agora.xtec.cat\/ceippractiques2-lleida\/wp-content\/uploads\/usu635\/2025\/04\/3-150x150.png 150w\" sizes=\"auto, (max-width: 162px) 100vw, 162px\" \/><\/a><\/td>\n<td style=\"width: 25%; height: 186px; background-color: #ffffff;\"><a href=\"https:\/\/drive.google.com\/drive\/u\/0\/folders\/1VCWdKYhPYpxz1mfsYX4aajvnFJU1V2BF\" target=\"_blank\" rel=\"noopener\"><img loading=\"lazy\" decoding=\"async\" class=\"wp-image-7355 aligncenter\" style=\"font-size: 16px; background-color: #ffffff;\" src=\"https:\/\/agora.xtec.cat\/ceippractiques2-lleida\/wp-content\/uploads\/usu635\/2025\/04\/4.png\" alt=\"\" width=\"175\" height=\"175\" srcset=\"https:\/\/agora.xtec.cat\/ceippractiques2-lleida\/wp-content\/uploads\/usu635\/2025\/04\/4.png 500w, https:\/\/agora.xtec.cat\/ceippractiques2-lleida\/wp-content\/uploads\/usu635\/2025\/04\/4-300x300.png 300w, https:\/\/agora.xtec.cat\/ceippractiques2-lleida\/wp-content\/uploads\/usu635\/2025\/04\/4-150x150.png 150w\" sizes=\"auto, (max-width: 175px) 100vw, 175px\" \/><\/a><\/td>\n<td style=\"width: 25%; height: 186px; background-color: #ffffff;\"><a href=\"https:\/\/drive.google.com\/file\/d\/1P-Y9s-G-xs59PdGKyXTvtbsDxSwqHr4P\/view?usp=sharing\" target=\"_blank\" rel=\"noopener\"><img loading=\"lazy\" decoding=\"async\" class=\"wp-image-7353 aligncenter\" style=\"font-size: 16px; background-color: #ffffff;\" src=\"https:\/\/agora.xtec.cat\/ceippractiques2-lleida\/wp-content\/uploads\/usu635\/2025\/04\/1-1.png\" alt=\"\" width=\"179\" height=\"179\" srcset=\"https:\/\/agora.xtec.cat\/ceippractiques2-lleida\/wp-content\/uploads\/usu635\/2025\/04\/1-1.png 500w, https:\/\/agora.xtec.cat\/ceippractiques2-lleida\/wp-content\/uploads\/usu635\/2025\/04\/1-1-300x300.png 300w, https:\/\/agora.xtec.cat\/ceippractiques2-lleida\/wp-content\/uploads\/usu635\/2025\/04\/1-1-150x150.png 150w\" sizes=\"auto, (max-width: 179px) 100vw, 179px\" \/><\/a><\/td>\n<td style=\"width: 25%; height: 186px; background-color: #ffffff;\"><a href=\"https:\/\/drive.google.com\/file\/d\/1gdq9d6nIem8aBWq-qmV_dr3OmPmjKnxR\/view?usp=sharing\" target=\"_blank\" rel=\"noopener\"><img loading=\"lazy\" decoding=\"async\" class=\"wp-image-7352 aligncenter\" style=\"font-size: 16px; background-color: #ffffff;\" src=\"https:\/\/agora.xtec.cat\/ceippractiques2-lleida\/wp-content\/uploads\/usu635\/2025\/04\/2.png\" alt=\"\" width=\"171\" height=\"171\" srcset=\"https:\/\/agora.xtec.cat\/ceippractiques2-lleida\/wp-content\/uploads\/usu635\/2025\/04\/2.png 500w, https:\/\/agora.xtec.cat\/ceippractiques2-lleida\/wp-content\/uploads\/usu635\/2025\/04\/2-300x300.png 300w, https:\/\/agora.xtec.cat\/ceippractiques2-lleida\/wp-content\/uploads\/usu635\/2025\/04\/2-150x150.png 150w\" sizes=\"auto, (max-width: 171px) 100vw, 171px\" \/><\/a><\/td>\n<\/tr>\n<\/tbody>\n<\/table>\n<p>&nbsp;<\/p>\n","protected":false},"excerpt":{"rendered":"<p>Despr\u00e9s d&#8217;aprofundir en el projecte interdisciplinari dels Mitjans de Comunicaci\u00f3 i especialitzar-nos en la r\u00e0dio, us hem volgut explicar la nostra aventura i coneixements amb un programa de r\u00e0dio.<br \/>\nEns podeu escoltar fent clic a les seg\u00fcents imatges:<\/p>\n<p>5\u00e8 A<br \/>\n5\u00e8 B<br \/>\n6\u00e8 A<br \/>\n6\u00e8 B<\/p>\n<p><a href=\"https:\/\/drive.google.com\/file\/d\/1PvLyOT4kq_0FjZ-C9q4aufUSztukpJc-\/view?usp=drive_link\" target=\"_blank\" rel=\"noopener\"><\/a><br \/>\n<a href=\"https:\/\/drive.google.com\/drive\/u\/0\/folders\/1VCWdKYhPYpxz1mfsYX4aajvnFJU1V2BF\"&hellip;  <a href=\"https:\/\/agora.xtec.cat\/ceippractiques2-lleida\/general\/els-programes-de-radio-de-cicle-superior\/\" title=\"Read Els programes de r\u00e0dio de Cicle Superior!\">Llegeix m\u00e9s\u00bb<\/a><\/p>\n","protected":false},"author":18,"featured_media":7356,"comment_status":"closed","ping_status":"closed","sticky":false,"template":"","format":"standard","meta":{"_bbp_topic_count":0,"_bbp_reply_count":0,"_bbp_total_topic_count":0,"_bbp_total_reply_count":0,"_bbp_voice_count":0,"_bbp_anonymous_reply_count":0,"_bbp_topic_count_hidden":0,"_bbp_reply_count_hidden":0,"_bbp_forum_subforum_count":0,"footnotes":""},"categories":[14,15,220,1,4,308],"tags":[153],"class_list":["post-7349","post","type-post","status-publish","format-standard","has-post-thumbnail","hentry","category-5e","category-6e","category-cicle-superior","category-general","category-portada","category-projecte-interdisciplinari","tag-projecte"],"post_mailing_queue_ids":[],"_links":{"self":[{"href":"https:\/\/agora.xtec.cat\/ceippractiques2-lleida\/wp-json\/wp\/v2\/posts\/7349","targetHints":{"allow":["GET"]}}],"collection":[{"href":"https:\/\/agora.xtec.cat\/ceippractiques2-lleida\/wp-json\/wp\/v2\/posts"}],"about":[{"href":"https:\/\/agora.xtec.cat\/ceippractiques2-lleida\/wp-json\/wp\/v2\/types\/post"}],"author":[{"embeddable":true,"href":"https:\/\/agora.xtec.cat\/ceippractiques2-lleida\/wp-json\/wp\/v2\/users\/18"}],"replies":[{"embeddable":true,"href":"https:\/\/agora.xtec.cat\/ceippractiques2-lleida\/wp-json\/wp\/v2\/comments?post=7349"}],"version-history":[{"count":5,"href":"https:\/\/agora.xtec.cat\/ceippractiques2-lleida\/wp-json\/wp\/v2\/posts\/7349\/revisions"}],"predecessor-version":[{"id":7363,"href":"https:\/\/agora.xtec.cat\/ceippractiques2-lleida\/wp-json\/wp\/v2\/posts\/7349\/revisions\/7363"}],"wp:featuredmedia":[{"embeddable":true,"href":"https:\/\/agora.xtec.cat\/ceippractiques2-lleida\/wp-json\/wp\/v2\/media\/7356"}],"wp:attachment":[{"href":"https:\/\/agora.xtec.cat\/ceippractiques2-lleida\/wp-json\/wp\/v2\/media?parent=7349"}],"wp:term":[{"taxonomy":"category","embeddable":true,"href":"https:\/\/agora.xtec.cat\/ceippractiques2-lleida\/wp-json\/wp\/v2\/categories?post=7349"},{"taxonomy":"post_tag","embeddable":true,"href":"https:\/\/agora.xtec.cat\/ceippractiques2-lleida\/wp-json\/wp\/v2\/tags?post=7349"}],"curies":[{"name":"wp","href":"https:\/\/api.w.org\/{rel}","templated":true}]}}