{"id":7111,"date":"2025-01-31T15:17:50","date_gmt":"2025-01-31T14:17:50","guid":{"rendered":"https:\/\/agora.xtec.cat\/ceippractiques2-lleida\/?p=7111"},"modified":"2025-01-31T15:17:50","modified_gmt":"2025-01-31T14:17:50","slug":"sortida-al-camp-daprenentatge-de-pujalt","status":"publish","type":"post","link":"https:\/\/agora.xtec.cat\/ceippractiques2-lleida\/general\/sortida-al-camp-daprenentatge-de-pujalt\/","title":{"rendered":"Sortida al Camp d&#8217;Aprenentatge de Pujalt"},"content":{"rendered":"<p style=\"text-align: left;\">El passat 29 de gener, els i les alumnes de 1r hem anat de sortida al camp d&#8217;aprenentatge \u00a0de l&#8217;observatori de Pujalt, una visita que ens ha perm\u00e8s endinsar-nos en el fascinant m\u00f3n de l&#8217;Astronomia. Aquest espai ofereix una experi\u00e8ncia pr\u00e0ctica i interactiva on els nens i nenes poden descobrir moltes curiositats sobre l&#8217;Univers.<\/p>\n<p style=\"text-align: left;\">Sense dubte, aquesta sortida ha despertat el nostre inter\u00e8s pel Sistema Solar.<\/p>\n<p><a href=\"https:\/\/drive.google.com\/drive\/folders\/119EFpOuBiJEpr2NsoPFBDcfYV4v3qg4V?usp=drive_link\"><em><span style=\"text-decoration: underline;\">Cliqueu la seg\u00fcent imatge per veure-les totes!<\/span><\/em><\/a><\/p>\n<p><a href=\"https:\/\/drive.google.com\/drive\/folders\/119EFpOuBiJEpr2NsoPFBDcfYV4v3qg4V?usp=drive_link\"><img loading=\"lazy\" decoding=\"async\" class=\"alignnone size-large wp-image-7112\" src=\"https:\/\/agora.xtec.cat\/ceippractiques2-lleida\/wp-content\/uploads\/usu635\/2025\/01\/WhatsApp-Image-2025-01-31-at-12.50.09-1-1024x576.jpeg\" alt=\"\" width=\"1024\" height=\"576\" srcset=\"https:\/\/agora.xtec.cat\/ceippractiques2-lleida\/wp-content\/uploads\/usu635\/2025\/01\/WhatsApp-Image-2025-01-31-at-12.50.09-1-1024x576.jpeg 1024w, https:\/\/agora.xtec.cat\/ceippractiques2-lleida\/wp-content\/uploads\/usu635\/2025\/01\/WhatsApp-Image-2025-01-31-at-12.50.09-1-300x169.jpeg 300w, https:\/\/agora.xtec.cat\/ceippractiques2-lleida\/wp-content\/uploads\/usu635\/2025\/01\/WhatsApp-Image-2025-01-31-at-12.50.09-1-768x432.jpeg 768w, https:\/\/agora.xtec.cat\/ceippractiques2-lleida\/wp-content\/uploads\/usu635\/2025\/01\/WhatsApp-Image-2025-01-31-at-12.50.09-1-1536x864.jpeg 1536w, https:\/\/agora.xtec.cat\/ceippractiques2-lleida\/wp-content\/uploads\/usu635\/2025\/01\/WhatsApp-Image-2025-01-31-at-12.50.09-1.jpeg 1600w\" sizes=\"auto, (max-width: 1024px) 100vw, 1024px\" \/><\/a><\/p>\n","protected":false},"excerpt":{"rendered":"<p>El passat 29 de gener, els i les alumnes de 1r hem anat de sortida al camp d&#8217;aprenentatge \u00a0de l&#8217;observatori de Pujalt, una visita que ens ha perm\u00e8s endinsar-nos en el fascinant m\u00f3n de l&#8217;Astronomia. Aquest espai ofereix una experi\u00e8ncia pr\u00e0ctica i interactiva on els&hellip;  <a href=\"https:\/\/agora.xtec.cat\/ceippractiques2-lleida\/general\/sortida-al-camp-daprenentatge-de-pujalt\/\" title=\"Read Sortida al Camp d&#8217;Aprenentatge de Pujalt\">Llegeix m\u00e9s\u00bb<\/a><\/p>\n","protected":false},"author":26,"featured_media":0,"comment_status":"open","ping_status":"closed","sticky":false,"template":"","format":"standard","meta":{"_bbp_topic_count":0,"_bbp_reply_count":0,"_bbp_total_topic_count":0,"_bbp_total_reply_count":0,"_bbp_voice_count":0,"_bbp_anonymous_reply_count":0,"_bbp_topic_count_hidden":0,"_bbp_reply_count_hidden":0,"_bbp_forum_subforum_count":0,"footnotes":""},"categories":[10,215,5,1,4],"tags":[],"class_list":["post-7111","post","type-post","status-publish","format-standard","hentry","category-1r","category-cicle-inicial","category-primaria","category-general","category-portada"],"post_mailing_queue_ids":[],"_links":{"self":[{"href":"https:\/\/agora.xtec.cat\/ceippractiques2-lleida\/wp-json\/wp\/v2\/posts\/7111","targetHints":{"allow":["GET"]}}],"collection":[{"href":"https:\/\/agora.xtec.cat\/ceippractiques2-lleida\/wp-json\/wp\/v2\/posts"}],"about":[{"href":"https:\/\/agora.xtec.cat\/ceippractiques2-lleida\/wp-json\/wp\/v2\/types\/post"}],"author":[{"embeddable":true,"href":"https:\/\/agora.xtec.cat\/ceippractiques2-lleida\/wp-json\/wp\/v2\/users\/26"}],"replies":[{"embeddable":true,"href":"https:\/\/agora.xtec.cat\/ceippractiques2-lleida\/wp-json\/wp\/v2\/comments?post=7111"}],"version-history":[{"count":2,"href":"https:\/\/agora.xtec.cat\/ceippractiques2-lleida\/wp-json\/wp\/v2\/posts\/7111\/revisions"}],"predecessor-version":[{"id":7114,"href":"https:\/\/agora.xtec.cat\/ceippractiques2-lleida\/wp-json\/wp\/v2\/posts\/7111\/revisions\/7114"}],"wp:attachment":[{"href":"https:\/\/agora.xtec.cat\/ceippractiques2-lleida\/wp-json\/wp\/v2\/media?parent=7111"}],"wp:term":[{"taxonomy":"category","embeddable":true,"href":"https:\/\/agora.xtec.cat\/ceippractiques2-lleida\/wp-json\/wp\/v2\/categories?post=7111"},{"taxonomy":"post_tag","embeddable":true,"href":"https:\/\/agora.xtec.cat\/ceippractiques2-lleida\/wp-json\/wp\/v2\/tags?post=7111"}],"curies":[{"name":"wp","href":"https:\/\/api.w.org\/{rel}","templated":true}]}}