{"id":696,"date":"2016-03-07T15:25:50","date_gmt":"2016-03-07T14:25:50","guid":{"rendered":"http:\/\/agora.xtec.cat\/ceippractiques2-lleida\/?p=696"},"modified":"2016-03-18T20:10:05","modified_gmt":"2016-03-18T19:10:05","slug":"preinscripcio-2016-2017","status":"publish","type":"post","link":"https:\/\/agora.xtec.cat\/ceippractiques2-lleida\/portada\/preinscripcio-2016-2017\/","title":{"rendered":"Preinscripci\u00f3 2016-2017"},"content":{"rendered":"<p style=\"text-align: left;\"><span style=\"font-family: verdana,geneva,sans-serif; font-size: 18px;\"><a href=\"http:\/\/agora.xtec.cat\/ceippractiques2-lleida\/wp-content\/uploads\/usu635\/2016\/03\/Captura-de-2016-03-07-152426.png\"><img loading=\"lazy\" decoding=\"async\" class=\" size-full wp-image-697 aligncenter\" src=\"http:\/\/agora.xtec.cat\/ceippractiques2-lleida\/wp-content\/uploads\/usu635\/2016\/03\/Captura-de-2016-03-07-152426.png\" alt=\"Captura de 2016-03-07 15:24:26\" width=\"718\" height=\"116\" srcset=\"https:\/\/agora.xtec.cat\/ceippractiques2-lleida\/wp-content\/uploads\/usu635\/2016\/03\/Captura-de-2016-03-07-152426.png 718w, https:\/\/agora.xtec.cat\/ceippractiques2-lleida\/wp-content\/uploads\/usu635\/2016\/03\/Captura-de-2016-03-07-152426-300x48.png 300w\" sizes=\"auto, (max-width: 718px) 100vw, 718px\" \/><\/a><\/span><\/p>\n<p style=\"text-align: left;\"><span style=\"font-size: 18px;\"><span style=\"font-family: verdana,geneva,sans-serif;\">Us informen que el per\u00edode de preinscripci\u00f3 per al cu<\/span><span style=\"font-family: verdana,geneva,sans-serif;\">rs 2016-2017 est\u00e0 previst del 30 de mar\u00e7 al 7 d&#8217;abril.<\/span><\/span><\/p>\n<p><span style=\"font-family: verdana,geneva,sans-serif; font-size: 18px;\">Aquelles fam\u00edlies que tingueu fills que han de comen\u00e7ar P3 podeu passar pel Centre a recollir l&#8217;impr\u00e8s de la sol\u00b7licitud\u00a0 a partir del dia 29 de mar\u00e7. Els alumnes que ja estan a l&#8217;escola , i hi volen continuar, no necessiten fer cap gesti\u00f3.<\/span><\/p>\n<p><span style=\"font-family: verdana,geneva,sans-serif; font-size: 20px;\">Als alumnes de 6\u00e8 se&#8217;ls donaran personalment els impresos per a fer la preinscripci\u00f3 de l&#8217;ESO.<\/span><\/p>\n","protected":false},"excerpt":{"rendered":"<p><a href=\"http:\/\/agora.xtec.cat\/ceippractiques2-lleida\/wp-content\/uploads\/usu635\/2016\/03\/Captura-de-2016-03-07-152426.png\"><\/a><br \/>\nUs informen que el per\u00edode de preinscripci\u00f3 per al curs 2016-2017 est\u00e0 previst del 30 de mar\u00e7 al 7 d&#8217;abril.<br \/>\nAquelles fam\u00edlies que tingueu fills que han de comen\u00e7ar P3 podeu passar pel Centre a recollir l&#8217;impr\u00e8s de la sol\u00b7licitud\u00a0 a partir del dia 29&hellip;  <a href=\"https:\/\/agora.xtec.cat\/ceippractiques2-lleida\/portada\/preinscripcio-2016-2017\/\" title=\"Read Preinscripci\u00f3 2016-2017\">Llegeix m\u00e9s\u00bb<\/a><\/p>\n","protected":false},"author":1,"featured_media":0,"comment_status":"open","ping_status":"open","sticky":false,"template":"","format":"standard","meta":{"_bbp_topic_count":0,"_bbp_reply_count":0,"_bbp_total_topic_count":0,"_bbp_total_reply_count":0,"_bbp_voice_count":0,"_bbp_anonymous_reply_count":0,"_bbp_topic_count_hidden":0,"_bbp_reply_count_hidden":0,"_bbp_forum_subforum_count":0,"footnotes":""},"categories":[4],"tags":[],"class_list":["post-696","post","type-post","status-publish","format-standard","hentry","category-portada"],"post_mailing_queue_ids":[],"_links":{"self":[{"href":"https:\/\/agora.xtec.cat\/ceippractiques2-lleida\/wp-json\/wp\/v2\/posts\/696","targetHints":{"allow":["GET"]}}],"collection":[{"href":"https:\/\/agora.xtec.cat\/ceippractiques2-lleida\/wp-json\/wp\/v2\/posts"}],"about":[{"href":"https:\/\/agora.xtec.cat\/ceippractiques2-lleida\/wp-json\/wp\/v2\/types\/post"}],"author":[{"embeddable":true,"href":"https:\/\/agora.xtec.cat\/ceippractiques2-lleida\/wp-json\/wp\/v2\/users\/1"}],"replies":[{"embeddable":true,"href":"https:\/\/agora.xtec.cat\/ceippractiques2-lleida\/wp-json\/wp\/v2\/comments?post=696"}],"version-history":[{"count":3,"href":"https:\/\/agora.xtec.cat\/ceippractiques2-lleida\/wp-json\/wp\/v2\/posts\/696\/revisions"}],"predecessor-version":[{"id":788,"href":"https:\/\/agora.xtec.cat\/ceippractiques2-lleida\/wp-json\/wp\/v2\/posts\/696\/revisions\/788"}],"wp:attachment":[{"href":"https:\/\/agora.xtec.cat\/ceippractiques2-lleida\/wp-json\/wp\/v2\/media?parent=696"}],"wp:term":[{"taxonomy":"category","embeddable":true,"href":"https:\/\/agora.xtec.cat\/ceippractiques2-lleida\/wp-json\/wp\/v2\/categories?post=696"},{"taxonomy":"post_tag","embeddable":true,"href":"https:\/\/agora.xtec.cat\/ceippractiques2-lleida\/wp-json\/wp\/v2\/tags?post=696"}],"curies":[{"name":"wp","href":"https:\/\/api.w.org\/{rel}","templated":true}]}}