{"id":6722,"date":"2024-04-18T14:23:47","date_gmt":"2024-04-18T12:23:47","guid":{"rendered":"https:\/\/agora.xtec.cat\/ceippractiques2-lleida\/?p=6722"},"modified":"2026-02-10T12:14:30","modified_gmt":"2026-02-10T11:14:30","slug":"els-jocs-olimpics-amb-cicle-superior","status":"publish","type":"post","link":"https:\/\/agora.xtec.cat\/ceippractiques2-lleida\/general\/els-jocs-olimpics-amb-cicle-superior\/","title":{"rendered":"ELS JOCS OL\u00cdMPICS amb Cicle Superior"},"content":{"rendered":"<p>Enguany hem dedicat el Projecte Interdisciplinari als Jocs Ol\u00edmpics, ja que aquest estiu es celebrar\u00e0 una <a href=\"https:\/\/olympics.com\/es\/\">nova edici\u00f3 d&#8217;aquest esdeveniment esportiu a Par\u00eds<\/a>.<\/p>\n<p>L&#8217;alumnat de Cicle Superior ha treballat cooperativament per investigar a fons els Jocs Ol\u00edmpics d&#8217;estiu i d&#8217;hivern celebrats. Cada grup s&#8217;ha especialitzat en un any ol\u00edmpic, fent recerca de la seu ol\u00edmpica, la seva mascota, un esport d&#8217;estiu o d&#8217;hivern, un o una atleta ol\u00edmpica, i els <a href=\"https:\/\/sites.google.com\/practiques2.cat\/valorsolimpics\/p%C3%A0gina-principal\">valors<\/a> que hi ha al darrere de la celebraci\u00f3 dels Jocs Ol\u00edmpics. A m\u00e9s a m\u00e9s, a trav\u00e9s de l&#8217;\u00e0rea de lleng\u00fces estrangeres, han elaborat un dossier en angl\u00e8s a partir del qual expliquen la hist\u00f2ria i els s\u00edmbols ol\u00edmpics, i han creat un mapa conceptual dels Jocs Ol\u00edmpics, en franc\u00e8s, per tal de con\u00e8ixer el vocabulari fonamental en el idioma de la capital d&#8217;enguany, Par\u00eds.<\/p>\n<p>Us convidem a venir a veure l&#8217;exposici\u00f3 d&#8217;algunes mostres del treball realitzat, i us deixem a continuaci\u00f3 l&#8217;enlla\u00e7 on trobareu imatges de tots els productes finals elaborats per l&#8217;alumnat de Cicle Superior.<\/p>\n<p>A m\u00e9s a m\u00e9s, tamb\u00e9 us convidem a jugar amb els vostres coneixements dels Jocs Ol\u00edmpics!<br \/>\nUs en sortireu d&#8217;aquesta Escape Room? <a href=\"https:\/\/view.genial.ly\/65ee22618f27060014fc0156\/interactive-content-6e-a-escape-room-jocs-olimpics-original\">ESCAPE ROOM DELS JOCS OL\u00cdMPICS<\/a><\/p>\n<p><em>Podeu clicar en la fotografia seg\u00fcent per accedir a l&#8217;enlla\u00e7 amb les imatges del projecte:<\/em><\/p>\n<p><a href=\"https:\/\/photos.app.goo.gl\/mhBSBdn7vGBZ3Fnu8\"><img loading=\"lazy\" decoding=\"async\" class=\"alignnone wp-image-6723 size-large\" src=\"https:\/\/agora.xtec.cat\/ceippractiques2-lleida\/wp-content\/uploads\/usu635\/2024\/04\/Jocs-Olimpics-1-1024x576.jpeg\" alt=\"\" width=\"1024\" height=\"576\" srcset=\"https:\/\/agora.xtec.cat\/ceippractiques2-lleida\/wp-content\/uploads\/usu635\/2024\/04\/Jocs-Olimpics-1-1024x576.jpeg 1024w, https:\/\/agora.xtec.cat\/ceippractiques2-lleida\/wp-content\/uploads\/usu635\/2024\/04\/Jocs-Olimpics-1-300x169.jpeg 300w, https:\/\/agora.xtec.cat\/ceippractiques2-lleida\/wp-content\/uploads\/usu635\/2024\/04\/Jocs-Olimpics-1-768x432.jpeg 768w, https:\/\/agora.xtec.cat\/ceippractiques2-lleida\/wp-content\/uploads\/usu635\/2024\/04\/Jocs-Olimpics-1-1536x864.jpeg 1536w, https:\/\/agora.xtec.cat\/ceippractiques2-lleida\/wp-content\/uploads\/usu635\/2024\/04\/Jocs-Olimpics-1.jpeg 1848w\" sizes=\"auto, (max-width: 1024px) 100vw, 1024px\" \/><\/a><\/p>\n","protected":false},"excerpt":{"rendered":"<p>Enguany hem dedicat el Projecte Interdisciplinari als Jocs Ol\u00edmpics, ja que aquest estiu es celebrar\u00e0 una <a href=\"https:\/\/olympics.com\/es\/\">nova edici\u00f3 d&#8217;aquest esdeveniment esportiu a Par\u00eds<\/a>.<br \/>\nL&#8217;alumnat de Cicle Superior ha treballat cooperativament per investigar a fons els Jocs Ol\u00edmpics d&#8217;estiu i d&#8217;hivern celebrats. Cada grup s&#8217;ha especialitzat&hellip;  <a href=\"https:\/\/agora.xtec.cat\/ceippractiques2-lleida\/general\/els-jocs-olimpics-amb-cicle-superior\/\" title=\"Read ELS JOCS OL\u00cdMPICS amb Cicle Superior\">Llegeix m\u00e9s\u00bb<\/a><\/p>\n","protected":false},"author":18,"featured_media":6723,"comment_status":"open","ping_status":"closed","sticky":false,"template":"","format":"standard","meta":{"_bbp_topic_count":0,"_bbp_reply_count":0,"_bbp_total_topic_count":0,"_bbp_total_reply_count":0,"_bbp_voice_count":0,"_bbp_anonymous_reply_count":0,"_bbp_topic_count_hidden":0,"_bbp_reply_count_hidden":0,"_bbp_forum_subforum_count":0,"footnotes":""},"categories":[14,15,220,1,4,308],"tags":[],"class_list":["post-6722","post","type-post","status-publish","format-standard","has-post-thumbnail","hentry","category-5e","category-6e","category-cicle-superior","category-general","category-portada","category-projecte-interdisciplinari"],"post_mailing_queue_ids":[],"_links":{"self":[{"href":"https:\/\/agora.xtec.cat\/ceippractiques2-lleida\/wp-json\/wp\/v2\/posts\/6722","targetHints":{"allow":["GET"]}}],"collection":[{"href":"https:\/\/agora.xtec.cat\/ceippractiques2-lleida\/wp-json\/wp\/v2\/posts"}],"about":[{"href":"https:\/\/agora.xtec.cat\/ceippractiques2-lleida\/wp-json\/wp\/v2\/types\/post"}],"author":[{"embeddable":true,"href":"https:\/\/agora.xtec.cat\/ceippractiques2-lleida\/wp-json\/wp\/v2\/users\/18"}],"replies":[{"embeddable":true,"href":"https:\/\/agora.xtec.cat\/ceippractiques2-lleida\/wp-json\/wp\/v2\/comments?post=6722"}],"version-history":[{"count":4,"href":"https:\/\/agora.xtec.cat\/ceippractiques2-lleida\/wp-json\/wp\/v2\/posts\/6722\/revisions"}],"predecessor-version":[{"id":6729,"href":"https:\/\/agora.xtec.cat\/ceippractiques2-lleida\/wp-json\/wp\/v2\/posts\/6722\/revisions\/6729"}],"wp:featuredmedia":[{"embeddable":true,"href":"https:\/\/agora.xtec.cat\/ceippractiques2-lleida\/wp-json\/wp\/v2\/media\/6723"}],"wp:attachment":[{"href":"https:\/\/agora.xtec.cat\/ceippractiques2-lleida\/wp-json\/wp\/v2\/media?parent=6722"}],"wp:term":[{"taxonomy":"category","embeddable":true,"href":"https:\/\/agora.xtec.cat\/ceippractiques2-lleida\/wp-json\/wp\/v2\/categories?post=6722"},{"taxonomy":"post_tag","embeddable":true,"href":"https:\/\/agora.xtec.cat\/ceippractiques2-lleida\/wp-json\/wp\/v2\/tags?post=6722"}],"curies":[{"name":"wp","href":"https:\/\/api.w.org\/{rel}","templated":true}]}}