{"id":6698,"date":"2024-04-17T13:04:59","date_gmt":"2024-04-17T11:04:59","guid":{"rendered":"https:\/\/agora.xtec.cat\/ceippractiques2-lleida\/?p=6698"},"modified":"2024-04-17T13:04:59","modified_gmt":"2024-04-17T11:04:59","slug":"3r-educacio-viaria-parc-de-transit","status":"publish","type":"post","link":"https:\/\/agora.xtec.cat\/ceippractiques2-lleida\/portada\/3r-educacio-viaria-parc-de-transit\/","title":{"rendered":"3r &#8211; EDUCACI\u00d3 VI\u00c0RIA &#8211; PARC DE TR\u00c0NSIT"},"content":{"rendered":"<p>Com a cloenda de les sessions d&#8217;Educaci\u00f3 Vi\u00e0ria, l&#8217;alumnat de 3r hem realitzat una sessi\u00f3 al Parc de Tr\u00e0nsit de Gardeny, de la Gu\u00e0rdia Urbana de Lleida. Hem gaudit d&#8217;una jornada l\u00fadica, en qu\u00e8 hem aplicat les normes b\u00e0siques de circulaci\u00f3 com a conductors de bicicleta i vianants. Gr\u00e0cies per tot l&#8217;aprenentatge, agents de la Gu\u00e0rdia Urbana!<\/p>\n<p><a href=\"https:\/\/agora.xtec.cat\/ceippractiques2-lleida\/wp-content\/uploads\/usu635\/2024\/04\/Disseny-sense-titol.jpg\"><img loading=\"lazy\" decoding=\"async\" class=\"wp-image-6714 aligncenter\" src=\"https:\/\/agora.xtec.cat\/ceippractiques2-lleida\/wp-content\/uploads\/usu635\/2024\/04\/Disseny-sense-titol-1024x819.jpg\" alt=\"\" width=\"415\" height=\"332\" srcset=\"https:\/\/agora.xtec.cat\/ceippractiques2-lleida\/wp-content\/uploads\/usu635\/2024\/04\/Disseny-sense-titol-1024x819.jpg 1024w, https:\/\/agora.xtec.cat\/ceippractiques2-lleida\/wp-content\/uploads\/usu635\/2024\/04\/Disseny-sense-titol-300x240.jpg 300w, https:\/\/agora.xtec.cat\/ceippractiques2-lleida\/wp-content\/uploads\/usu635\/2024\/04\/Disseny-sense-titol-768x614.jpg 768w, https:\/\/agora.xtec.cat\/ceippractiques2-lleida\/wp-content\/uploads\/usu635\/2024\/04\/Disseny-sense-titol-1536x1229.jpg 1536w, https:\/\/agora.xtec.cat\/ceippractiques2-lleida\/wp-content\/uploads\/usu635\/2024\/04\/Disseny-sense-titol.jpg 2000w\" sizes=\"auto, (max-width: 415px) 100vw, 415px\" \/><\/a><\/p>\n<p>&nbsp;<\/p>\n","protected":false},"excerpt":{"rendered":"<p>Com a cloenda de les sessions d&#8217;Educaci\u00f3 Vi\u00e0ria, l&#8217;alumnat de 3r hem realitzat una sessi\u00f3 al Parc de Tr\u00e0nsit de Gardeny, de la Gu\u00e0rdia Urbana de Lleida. Hem gaudit d&#8217;una jornada l\u00fadica, en qu\u00e8 hem aplicat les normes b\u00e0siques de circulaci\u00f3 com a conductors de&hellip;  <a href=\"https:\/\/agora.xtec.cat\/ceippractiques2-lleida\/portada\/3r-educacio-viaria-parc-de-transit\/\" title=\"Read 3r &#8211; EDUCACI\u00d3 VI\u00c0RIA &#8211; PARC DE TR\u00c0NSIT\">Llegeix m\u00e9s\u00bb<\/a><\/p>\n","protected":false},"author":25,"featured_media":6714,"comment_status":"open","ping_status":"closed","sticky":false,"template":"","format":"standard","meta":{"_bbp_topic_count":0,"_bbp_reply_count":0,"_bbp_total_topic_count":0,"_bbp_total_reply_count":0,"_bbp_voice_count":0,"_bbp_anonymous_reply_count":0,"_bbp_topic_count_hidden":0,"_bbp_reply_count_hidden":0,"_bbp_forum_subforum_count":0,"footnotes":""},"categories":[12,221,5,4],"tags":[],"class_list":["post-6698","post","type-post","status-publish","format-standard","has-post-thumbnail","hentry","category-3r","category-cicle-mijta","category-primaria","category-portada"],"post_mailing_queue_ids":[],"_links":{"self":[{"href":"https:\/\/agora.xtec.cat\/ceippractiques2-lleida\/wp-json\/wp\/v2\/posts\/6698","targetHints":{"allow":["GET"]}}],"collection":[{"href":"https:\/\/agora.xtec.cat\/ceippractiques2-lleida\/wp-json\/wp\/v2\/posts"}],"about":[{"href":"https:\/\/agora.xtec.cat\/ceippractiques2-lleida\/wp-json\/wp\/v2\/types\/post"}],"author":[{"embeddable":true,"href":"https:\/\/agora.xtec.cat\/ceippractiques2-lleida\/wp-json\/wp\/v2\/users\/25"}],"replies":[{"embeddable":true,"href":"https:\/\/agora.xtec.cat\/ceippractiques2-lleida\/wp-json\/wp\/v2\/comments?post=6698"}],"version-history":[{"count":2,"href":"https:\/\/agora.xtec.cat\/ceippractiques2-lleida\/wp-json\/wp\/v2\/posts\/6698\/revisions"}],"predecessor-version":[{"id":6715,"href":"https:\/\/agora.xtec.cat\/ceippractiques2-lleida\/wp-json\/wp\/v2\/posts\/6698\/revisions\/6715"}],"wp:featuredmedia":[{"embeddable":true,"href":"https:\/\/agora.xtec.cat\/ceippractiques2-lleida\/wp-json\/wp\/v2\/media\/6714"}],"wp:attachment":[{"href":"https:\/\/agora.xtec.cat\/ceippractiques2-lleida\/wp-json\/wp\/v2\/media?parent=6698"}],"wp:term":[{"taxonomy":"category","embeddable":true,"href":"https:\/\/agora.xtec.cat\/ceippractiques2-lleida\/wp-json\/wp\/v2\/categories?post=6698"},{"taxonomy":"post_tag","embeddable":true,"href":"https:\/\/agora.xtec.cat\/ceippractiques2-lleida\/wp-json\/wp\/v2\/tags?post=6698"}],"curies":[{"name":"wp","href":"https:\/\/api.w.org\/{rel}","templated":true}]}}