{"id":651,"date":"2016-02-23T22:11:13","date_gmt":"2016-02-23T21:11:13","guid":{"rendered":"http:\/\/agora.xtec.cat\/ceippractiques2-lleida\/?p=651"},"modified":"2016-03-17T20:45:01","modified_gmt":"2016-03-17T19:45:01","slug":"24-de-febrer-portes-obertes","status":"publish","type":"post","link":"https:\/\/agora.xtec.cat\/ceippractiques2-lleida\/portada\/24-de-febrer-portes-obertes\/","title":{"rendered":"24 de febrer: portes obertes"},"content":{"rendered":"<p align=\"left\"><a href=\"http:\/\/agora.xtec.cat\/ceippractiques2-lleida\/wp-content\/uploads\/usu635\/2016\/01\/Pissarra.png\"><img loading=\"lazy\" decoding=\"async\" class=\"  wp-image-272 aligncenter\" src=\"http:\/\/agora.xtec.cat\/ceippractiques2-lleida\/wp-content\/uploads\/usu635\/2016\/01\/Pissarra.png\" alt=\"Pissarra\" width=\"446\" height=\"239\" srcset=\"https:\/\/agora.xtec.cat\/ceippractiques2-lleida\/wp-content\/uploads\/usu635\/2016\/01\/Pissarra.png 657w, https:\/\/agora.xtec.cat\/ceippractiques2-lleida\/wp-content\/uploads\/usu635\/2016\/01\/Pissarra-300x161.png 300w\" sizes=\"auto, (max-width: 446px) 100vw, 446px\" \/><\/a><\/p>\n<p align=\"left\"><span style=\"font-family: verdana,arial,helvetica,sans-serif; font-size: medium;\"><span style=\"font-family: verdana,arial,helvetica,sans-serif; font-size: medium;\">La nostra Escola organitza el proper dimecres 24 de febrer una jornada de portes obertes per donar a con\u00e8ixer el Centre a les fam\u00edlies interessades en la preinscripci\u00f3. Aprofitarem per ensenyar-vos les aules, patis, menjadors&#8230; i us explicarem el funcionament de la nostra l\u00ednia pedag\u00f2gica.<\/span><br \/>\n<\/span><\/p>\n<p align=\"left\"><a href=\"http:\/\/agora.xtec.cat\/ceippractiques2-lleida\/wp-content\/uploads\/usu635\/2016\/01\/final.png\"><img loading=\"lazy\" decoding=\"async\" class=\"  wp-image-271 aligncenter\" src=\"http:\/\/agora.xtec.cat\/ceippractiques2-lleida\/wp-content\/uploads\/usu635\/2016\/01\/final-1024x768.png\" alt=\"final\" width=\"568\" height=\"426\" srcset=\"https:\/\/agora.xtec.cat\/ceippractiques2-lleida\/wp-content\/uploads\/usu635\/2016\/01\/final.png 1024w, https:\/\/agora.xtec.cat\/ceippractiques2-lleida\/wp-content\/uploads\/usu635\/2016\/01\/final-300x225.png 300w, https:\/\/agora.xtec.cat\/ceippractiques2-lleida\/wp-content\/uploads\/usu635\/2016\/01\/final-200x150.png 200w\" sizes=\"auto, (max-width: 568px) 100vw, 568px\" \/><\/a><\/p>\n","protected":false},"excerpt":{"rendered":"<p><a href=\"http:\/\/agora.xtec.cat\/ceippractiques2-lleida\/wp-content\/uploads\/usu635\/2016\/01\/Pissarra.png\"><\/a><br \/>\nLa nostra Escola organitza el proper dimecres 24 de febrer una jornada de portes obertes per donar a con\u00e8ixer el Centre a les fam\u00edlies interessades en la preinscripci\u00f3. Aprofitarem per ensenyar-vos les aules, patis, menjadors&#8230; i us explicarem el funcionament de la nostra l\u00ednia&hellip;  <a href=\"https:\/\/agora.xtec.cat\/ceippractiques2-lleida\/portada\/24-de-febrer-portes-obertes\/\" title=\"Read 24 de febrer: portes obertes\">Llegeix m\u00e9s\u00bb<\/a><\/p>\n","protected":false},"author":1,"featured_media":0,"comment_status":"open","ping_status":"open","sticky":false,"template":"","format":"standard","meta":{"_bbp_topic_count":0,"_bbp_reply_count":0,"_bbp_total_topic_count":0,"_bbp_total_reply_count":0,"_bbp_voice_count":0,"_bbp_anonymous_reply_count":0,"_bbp_topic_count_hidden":0,"_bbp_reply_count_hidden":0,"_bbp_forum_subforum_count":0,"footnotes":""},"categories":[4],"tags":[],"class_list":["post-651","post","type-post","status-publish","format-standard","hentry","category-portada"],"post_mailing_queue_ids":[],"_links":{"self":[{"href":"https:\/\/agora.xtec.cat\/ceippractiques2-lleida\/wp-json\/wp\/v2\/posts\/651","targetHints":{"allow":["GET"]}}],"collection":[{"href":"https:\/\/agora.xtec.cat\/ceippractiques2-lleida\/wp-json\/wp\/v2\/posts"}],"about":[{"href":"https:\/\/agora.xtec.cat\/ceippractiques2-lleida\/wp-json\/wp\/v2\/types\/post"}],"author":[{"embeddable":true,"href":"https:\/\/agora.xtec.cat\/ceippractiques2-lleida\/wp-json\/wp\/v2\/users\/1"}],"replies":[{"embeddable":true,"href":"https:\/\/agora.xtec.cat\/ceippractiques2-lleida\/wp-json\/wp\/v2\/comments?post=651"}],"version-history":[{"count":3,"href":"https:\/\/agora.xtec.cat\/ceippractiques2-lleida\/wp-json\/wp\/v2\/posts\/651\/revisions"}],"predecessor-version":[{"id":654,"href":"https:\/\/agora.xtec.cat\/ceippractiques2-lleida\/wp-json\/wp\/v2\/posts\/651\/revisions\/654"}],"wp:attachment":[{"href":"https:\/\/agora.xtec.cat\/ceippractiques2-lleida\/wp-json\/wp\/v2\/media?parent=651"}],"wp:term":[{"taxonomy":"category","embeddable":true,"href":"https:\/\/agora.xtec.cat\/ceippractiques2-lleida\/wp-json\/wp\/v2\/categories?post=651"},{"taxonomy":"post_tag","embeddable":true,"href":"https:\/\/agora.xtec.cat\/ceippractiques2-lleida\/wp-json\/wp\/v2\/tags?post=651"}],"curies":[{"name":"wp","href":"https:\/\/api.w.org\/{rel}","templated":true}]}}