{"id":6337,"date":"2023-11-02T11:15:04","date_gmt":"2023-11-02T10:15:04","guid":{"rendered":"https:\/\/agora.xtec.cat\/ceippractiques2-lleida\/?p=6337"},"modified":"2024-02-22T15:44:49","modified_gmt":"2024-02-22T14:44:49","slug":"celebrem-la-castanyada-3","status":"publish","type":"post","link":"https:\/\/agora.xtec.cat\/ceippractiques2-lleida\/general\/celebrem-la-castanyada-3\/","title":{"rendered":"CELEBREM LA CASTANYADA!"},"content":{"rendered":"<p>El passat dimarts vam celebrar la Castanyada a l&#8217;escola. Tots els cicles vam fer activitats per celebrar aquesta festivitat i vam poder gaudir de la dinamitzaci\u00f3 de l&#8217;alumnat de 6\u00e8 que es van disfressar de castanyers i castanyeres; despr\u00e9s del pati cada classe va rebre els castanyers i castanyeres que van anar a explicar el conte de Maria Castanyera. Amb l&#8217;alumnat m\u00e9s gran van fer un concurs de preguntes al voltant de la festivitat. Ho van fer d&#8217;all\u00f2 m\u00e9s b\u00e9!<\/p>\n<p>A la tarda, els castanyers i castanyeres van comen\u00e7ar la cloenda ballant la <em>Dansa dels 7 salts<\/em>. Seguidament es van repartir amb la resta de nens i nenes de l&#8217;escola i vam ballar plegats aquesta dansa tan divertida. I, com no podia ser d&#8217;una altra manera, vam finalitzar aquest dia tan especial menjant castanyes!<\/p>\n<p><em>Si voleu veure imatges de la jornada, podeu clicar en la seg\u00fcent imatge.<\/em><\/p>\n<p><em><a href=\"https:\/\/drive.google.com\/drive\/folders\/1mhJ4qmCiId3hLsWqHaOsjIIN_qguRJcr?usp=sharing\"><img loading=\"lazy\" decoding=\"async\" class=\"alignnone size-medium wp-image-6341\" src=\"https:\/\/agora.xtec.cat\/ceippractiques2-lleida\/wp-content\/uploads\/usu635\/2023\/11\/IMG_1681-300x200.jpg\" alt=\"\" width=\"300\" height=\"200\" \/><\/a><br \/>\n<\/em><\/p>\n<p>&nbsp;<\/p>\n","protected":false},"excerpt":{"rendered":"<p>El passat dimarts vam celebrar la Castanyada a l&#8217;escola. Tots els cicles vam fer activitats per celebrar aquesta festivitat i vam poder gaudir de la dinamitzaci\u00f3 de l&#8217;alumnat de 6\u00e8 que es van disfressar de castanyers i castanyeres; despr\u00e9s del pati cada classe va rebre&hellip;  <a href=\"https:\/\/agora.xtec.cat\/ceippractiques2-lleida\/general\/celebrem-la-castanyada-3\/\" title=\"Read CELEBREM LA CASTANYADA!\">Llegeix m\u00e9s\u00bb<\/a><\/p>\n","protected":false},"author":18,"featured_media":0,"comment_status":"open","ping_status":"closed","sticky":false,"template":"","format":"standard","meta":{"_bbp_topic_count":0,"_bbp_reply_count":0,"_bbp_total_topic_count":0,"_bbp_total_reply_count":0,"_bbp_voice_count":0,"_bbp_anonymous_reply_count":0,"_bbp_topic_count_hidden":0,"_bbp_reply_count_hidden":0,"_bbp_forum_subforum_count":0,"footnotes":""},"categories":[220,215,221,186,1,4],"tags":[76,242,240,241],"class_list":["post-6337","post","type-post","status-publish","format-standard","hentry","category-cicle-superior","category-cicle-inicial","category-cicle-mijta","category-festes","category-general","category-portada","tag-castanyada","tag-castanyes","tag-festa","tag-festivitat"],"post_mailing_queue_ids":[],"_links":{"self":[{"href":"https:\/\/agora.xtec.cat\/ceippractiques2-lleida\/wp-json\/wp\/v2\/posts\/6337","targetHints":{"allow":["GET"]}}],"collection":[{"href":"https:\/\/agora.xtec.cat\/ceippractiques2-lleida\/wp-json\/wp\/v2\/posts"}],"about":[{"href":"https:\/\/agora.xtec.cat\/ceippractiques2-lleida\/wp-json\/wp\/v2\/types\/post"}],"author":[{"embeddable":true,"href":"https:\/\/agora.xtec.cat\/ceippractiques2-lleida\/wp-json\/wp\/v2\/users\/18"}],"replies":[{"embeddable":true,"href":"https:\/\/agora.xtec.cat\/ceippractiques2-lleida\/wp-json\/wp\/v2\/comments?post=6337"}],"version-history":[{"count":3,"href":"https:\/\/agora.xtec.cat\/ceippractiques2-lleida\/wp-json\/wp\/v2\/posts\/6337\/revisions"}],"predecessor-version":[{"id":6342,"href":"https:\/\/agora.xtec.cat\/ceippractiques2-lleida\/wp-json\/wp\/v2\/posts\/6337\/revisions\/6342"}],"wp:attachment":[{"href":"https:\/\/agora.xtec.cat\/ceippractiques2-lleida\/wp-json\/wp\/v2\/media?parent=6337"}],"wp:term":[{"taxonomy":"category","embeddable":true,"href":"https:\/\/agora.xtec.cat\/ceippractiques2-lleida\/wp-json\/wp\/v2\/categories?post=6337"},{"taxonomy":"post_tag","embeddable":true,"href":"https:\/\/agora.xtec.cat\/ceippractiques2-lleida\/wp-json\/wp\/v2\/tags?post=6337"}],"curies":[{"name":"wp","href":"https:\/\/api.w.org\/{rel}","templated":true}]}}