{"id":6233,"date":"2023-06-21T14:37:35","date_gmt":"2023-06-21T12:37:35","guid":{"rendered":"https:\/\/agora.xtec.cat\/ceippractiques2-lleida\/?p=6233"},"modified":"2023-06-21T14:37:35","modified_gmt":"2023-06-21T12:37:35","slug":"projecte-de-la-festa-major-a-p3","status":"publish","type":"post","link":"https:\/\/agora.xtec.cat\/ceippractiques2-lleida\/general\/projecte-de-la-festa-major-a-p3\/","title":{"rendered":"PROJECTE DE LA FESTA MAJOR A P3"},"content":{"rendered":"<p>Al llarg d&#8217;aquest trimestre, hem tingut la sort de rebre la visita, de diferents persones i familiars, que ens han fet viure i experimentar la festa major de Lleida d&#8217;una manera m\u00e9s vivencial i aix\u00ed, d&#8217;aquesta manera sentir-la encara m\u00e9s nostra.<\/p>\n<p style=\"text-align: center\">(<strong><em>si cliqueu sobre les fotografies veureu les imatges de les visites<\/em><\/strong>)<\/p>\n<p>Primer de tot ens va visitar el Mat\u00edas Tols\u00e0, el creador del cartell d&#8217;enguany.<\/p>\n<p><a href=\"https:\/\/photos.app.goo.gl\/YZFVeLJC7HXVryRL7\" target=\"_blank\" rel=\"noopener\"><img loading=\"lazy\" decoding=\"async\" class=\"wp-image-6240 aligncenter\" src=\"https:\/\/agora.xtec.cat\/ceippractiques2-lleida\/wp-content\/uploads\/usu635\/2023\/06\/1683285059517-1024x543.jpg\" alt=\"\" width=\"345\" height=\"183\" srcset=\"https:\/\/agora.xtec.cat\/ceippractiques2-lleida\/wp-content\/uploads\/usu635\/2023\/06\/1683285059517-1024x543.jpg 1024w, https:\/\/agora.xtec.cat\/ceippractiques2-lleida\/wp-content\/uploads\/usu635\/2023\/06\/1683285059517-300x159.jpg 300w, https:\/\/agora.xtec.cat\/ceippractiques2-lleida\/wp-content\/uploads\/usu635\/2023\/06\/1683285059517-768x407.jpg 768w, https:\/\/agora.xtec.cat\/ceippractiques2-lleida\/wp-content\/uploads\/usu635\/2023\/06\/1683285059517-1536x814.jpg 1536w, https:\/\/agora.xtec.cat\/ceippractiques2-lleida\/wp-content\/uploads\/usu635\/2023\/06\/1683285059517-2048x1085.jpg 2048w\" sizes=\"auto, (max-width: 345px) 100vw, 345px\" \/><\/a><\/p>\n<p>Despr\u00e9s el Javi, el tiet de l&#8217;Ekai junt amb el Sergi, membre dels &#8220;Urgellencs&#8221;, de la festivitat dels moros i cristians.<\/p>\n<p><a href=\"https:\/\/photos.app.goo.gl\/WXsQgHGpEJMYApdg8\" target=\"_blank\" rel=\"noopener\"><img loading=\"lazy\" decoding=\"async\" class=\"wp-image-6239 aligncenter\" src=\"https:\/\/agora.xtec.cat\/ceippractiques2-lleida\/wp-content\/uploads\/usu635\/2023\/06\/asdf-1024x680.jpg\" alt=\"\" width=\"331\" height=\"220\" srcset=\"https:\/\/agora.xtec.cat\/ceippractiques2-lleida\/wp-content\/uploads\/usu635\/2023\/06\/asdf-1024x680.jpg 1024w, https:\/\/agora.xtec.cat\/ceippractiques2-lleida\/wp-content\/uploads\/usu635\/2023\/06\/asdf-300x199.jpg 300w, https:\/\/agora.xtec.cat\/ceippractiques2-lleida\/wp-content\/uploads\/usu635\/2023\/06\/asdf-768x510.jpg 768w, https:\/\/agora.xtec.cat\/ceippractiques2-lleida\/wp-content\/uploads\/usu635\/2023\/06\/asdf-1536x1019.jpg 1536w, https:\/\/agora.xtec.cat\/ceippractiques2-lleida\/wp-content\/uploads\/usu635\/2023\/06\/asdf.jpg 2048w\" sizes=\"auto, (max-width: 331px) 100vw, 331px\" \/><\/a><\/p>\n<p>I per acabar la tieta del Sergi, la Xesca, i la Mireia membres de la Moixiganga i dels cavallets de Lleida, <span style=\"font-family: inherit;font-size: 1em\">de l&#8217;organitzaci\u00f3 Esbart dansaire Sicoris,\u00a0<\/span><\/p>\n<p><a href=\"https:\/\/photos.app.goo.gl\/qC95XhHZZYRWnfxh6\" target=\"_blank\" rel=\"noopener\"><img loading=\"lazy\" decoding=\"async\" class=\"wp-image-6235 aligncenter\" src=\"https:\/\/agora.xtec.cat\/ceippractiques2-lleida\/wp-content\/uploads\/usu635\/2023\/06\/IMG_20230601_153634-1024x590.jpg\" alt=\"\" width=\"312\" height=\"180\" srcset=\"https:\/\/agora.xtec.cat\/ceippractiques2-lleida\/wp-content\/uploads\/usu635\/2023\/06\/IMG_20230601_153634-1024x590.jpg 1024w, https:\/\/agora.xtec.cat\/ceippractiques2-lleida\/wp-content\/uploads\/usu635\/2023\/06\/IMG_20230601_153634-300x173.jpg 300w, https:\/\/agora.xtec.cat\/ceippractiques2-lleida\/wp-content\/uploads\/usu635\/2023\/06\/IMG_20230601_153634-768x443.jpg 768w, https:\/\/agora.xtec.cat\/ceippractiques2-lleida\/wp-content\/uploads\/usu635\/2023\/06\/IMG_20230601_153634-1536x886.jpg 1536w, https:\/\/agora.xtec.cat\/ceippractiques2-lleida\/wp-content\/uploads\/usu635\/2023\/06\/IMG_20230601_153634-2048x1181.jpg 2048w\" sizes=\"auto, (max-width: 312px) 100vw, 312px\" \/><\/a><\/p>\n<p>Per acabar el projecte de la festa major hem fet la cloenda fent un Seguici amb els nostres capgrossos. Voleu veure el proc\u00e9s d&#8217;elecci\u00f3 i fabricaci\u00f3 del personatge, aix\u00ed com el nostre propi seguici? Cliqueu sobre les imatges.<\/p>\n<p><a href=\"https:\/\/photos.app.goo.gl\/jr669JPGz6DsQ9tm9\" target=\"_blank\" rel=\"noopener\">\u00a0 \u00a0 \u00a0 \u00a0 \u00a0 \u00a0 \u00a0 \u00a0 \u00a0 \u00a0 \u00a0 \u00a0 \u00a0 \u00a0 \u00a0 \u00a0 <img loading=\"lazy\" decoding=\"async\" class=\"alignnone wp-image-6236\" src=\"https:\/\/agora.xtec.cat\/ceippractiques2-lleida\/wp-content\/uploads\/usu635\/2023\/06\/1687278418103-1024x967.jpg\" alt=\"\" width=\"160\" height=\"151\" srcset=\"https:\/\/agora.xtec.cat\/ceippractiques2-lleida\/wp-content\/uploads\/usu635\/2023\/06\/1687278418103-1024x967.jpg 1024w, https:\/\/agora.xtec.cat\/ceippractiques2-lleida\/wp-content\/uploads\/usu635\/2023\/06\/1687278418103-300x283.jpg 300w, https:\/\/agora.xtec.cat\/ceippractiques2-lleida\/wp-content\/uploads\/usu635\/2023\/06\/1687278418103-768x725.jpg 768w, https:\/\/agora.xtec.cat\/ceippractiques2-lleida\/wp-content\/uploads\/usu635\/2023\/06\/1687278418103-1536x1451.jpg 1536w, https:\/\/agora.xtec.cat\/ceippractiques2-lleida\/wp-content\/uploads\/usu635\/2023\/06\/1687278418103-2048x1935.jpg 2048w\" sizes=\"auto, (max-width: 160px) 100vw, 160px\" \/>\u00a0 \u00a0 \u00a0 \u00a0 \u00a0 \u00a0 \u00a0<\/a><a href=\"https:\/\/photos.app.goo.gl\/qJz3Lj9Z8PNk6hXs6\" target=\"_blank\" rel=\"noopener\"><img loading=\"lazy\" decoding=\"async\" class=\"alignnone wp-image-6237\" src=\"https:\/\/agora.xtec.cat\/ceippractiques2-lleida\/wp-content\/uploads\/usu635\/2023\/06\/1687348274589-966x1024.jpg\" alt=\"\" width=\"142\" height=\"151\" srcset=\"https:\/\/agora.xtec.cat\/ceippractiques2-lleida\/wp-content\/uploads\/usu635\/2023\/06\/1687348274589-966x1024.jpg 966w, https:\/\/agora.xtec.cat\/ceippractiques2-lleida\/wp-content\/uploads\/usu635\/2023\/06\/1687348274589-283x300.jpg 283w, https:\/\/agora.xtec.cat\/ceippractiques2-lleida\/wp-content\/uploads\/usu635\/2023\/06\/1687348274589-768x814.jpg 768w, https:\/\/agora.xtec.cat\/ceippractiques2-lleida\/wp-content\/uploads\/usu635\/2023\/06\/1687348274589-1450x1536.jpg 1450w, https:\/\/agora.xtec.cat\/ceippractiques2-lleida\/wp-content\/uploads\/usu635\/2023\/06\/1687348274589-1933x2048.jpg 1933w\" sizes=\"auto, (max-width: 142px) 100vw, 142px\" \/>\u00a0\u00a0\u00a0\u00a0\u00a0\u00a0\u00a0 <\/a><a href=\"https:\/\/photos.app.goo.gl\/nXGmHyjy8J3sDfpX8\" target=\"_blank\" rel=\"noopener\"><img loading=\"lazy\" decoding=\"async\" class=\"alignnone wp-image-6238\" src=\"https:\/\/agora.xtec.cat\/ceippractiques2-lleida\/wp-content\/uploads\/usu635\/2023\/06\/bona-1024x640.jpg\" alt=\"\" width=\"246\" height=\"154\" srcset=\"https:\/\/agora.xtec.cat\/ceippractiques2-lleida\/wp-content\/uploads\/usu635\/2023\/06\/bona-1024x640.jpg 1024w, https:\/\/agora.xtec.cat\/ceippractiques2-lleida\/wp-content\/uploads\/usu635\/2023\/06\/bona-300x188.jpg 300w, https:\/\/agora.xtec.cat\/ceippractiques2-lleida\/wp-content\/uploads\/usu635\/2023\/06\/bona-768x480.jpg 768w, https:\/\/agora.xtec.cat\/ceippractiques2-lleida\/wp-content\/uploads\/usu635\/2023\/06\/bona-1536x960.jpg 1536w, https:\/\/agora.xtec.cat\/ceippractiques2-lleida\/wp-content\/uploads\/usu635\/2023\/06\/bona.jpg 2048w\" sizes=\"auto, (max-width: 246px) 100vw, 246px\" \/><\/a><\/p>\n","protected":false},"excerpt":{"rendered":"<p>Ens visita diferents persones per tal de viure i experimentar la festa major des de l&#8217;escola.&hellip;  <a href=\"https:\/\/agora.xtec.cat\/ceippractiques2-lleida\/general\/projecte-de-la-festa-major-a-p3\/\" title=\"Read PROJECTE DE LA FESTA MAJOR A P3\">Llegeix m\u00e9s\u00bb<\/a><\/p>\n","protected":false},"author":24,"featured_media":6238,"comment_status":"open","ping_status":"closed","sticky":false,"template":"","format":"standard","meta":{"_bbp_topic_count":0,"_bbp_reply_count":0,"_bbp_total_topic_count":0,"_bbp_total_reply_count":0,"_bbp_voice_count":0,"_bbp_anonymous_reply_count":0,"_bbp_topic_count_hidden":0,"_bbp_reply_count_hidden":0,"_bbp_forum_subforum_count":0,"footnotes":""},"categories":[2,1,3,4],"tags":[],"class_list":["post-6233","post","type-post","status-publish","format-standard","has-post-thumbnail","hentry","category-infantil","category-general","category-i3","category-portada"],"post_mailing_queue_ids":[],"_links":{"self":[{"href":"https:\/\/agora.xtec.cat\/ceippractiques2-lleida\/wp-json\/wp\/v2\/posts\/6233","targetHints":{"allow":["GET"]}}],"collection":[{"href":"https:\/\/agora.xtec.cat\/ceippractiques2-lleida\/wp-json\/wp\/v2\/posts"}],"about":[{"href":"https:\/\/agora.xtec.cat\/ceippractiques2-lleida\/wp-json\/wp\/v2\/types\/post"}],"author":[{"embeddable":true,"href":"https:\/\/agora.xtec.cat\/ceippractiques2-lleida\/wp-json\/wp\/v2\/users\/24"}],"replies":[{"embeddable":true,"href":"https:\/\/agora.xtec.cat\/ceippractiques2-lleida\/wp-json\/wp\/v2\/comments?post=6233"}],"version-history":[{"count":3,"href":"https:\/\/agora.xtec.cat\/ceippractiques2-lleida\/wp-json\/wp\/v2\/posts\/6233\/revisions"}],"predecessor-version":[{"id":6244,"href":"https:\/\/agora.xtec.cat\/ceippractiques2-lleida\/wp-json\/wp\/v2\/posts\/6233\/revisions\/6244"}],"wp:featuredmedia":[{"embeddable":true,"href":"https:\/\/agora.xtec.cat\/ceippractiques2-lleida\/wp-json\/wp\/v2\/media\/6238"}],"wp:attachment":[{"href":"https:\/\/agora.xtec.cat\/ceippractiques2-lleida\/wp-json\/wp\/v2\/media?parent=6233"}],"wp:term":[{"taxonomy":"category","embeddable":true,"href":"https:\/\/agora.xtec.cat\/ceippractiques2-lleida\/wp-json\/wp\/v2\/categories?post=6233"},{"taxonomy":"post_tag","embeddable":true,"href":"https:\/\/agora.xtec.cat\/ceippractiques2-lleida\/wp-json\/wp\/v2\/tags?post=6233"}],"curies":[{"name":"wp","href":"https:\/\/api.w.org\/{rel}","templated":true}]}}