{"id":6200,"date":"2023-05-17T16:28:20","date_gmt":"2023-05-17T14:28:20","guid":{"rendered":"https:\/\/agora.xtec.cat\/ceippractiques2-lleida\/?p=6200"},"modified":"2026-02-13T09:49:31","modified_gmt":"2026-02-13T08:49:31","slug":"colonies-de-6e-17-18-i-19-de-maig","status":"publish","type":"post","link":"https:\/\/agora.xtec.cat\/ceippractiques2-lleida\/general\/colonies-de-6e-17-18-i-19-de-maig\/","title":{"rendered":"Col\u00f2nies de 6\u00e8.  17, 18 i 19 de maig."},"content":{"rendered":"<p>Els dies 17, 18 i 19 de maig els nens i nenes de 6\u00e8 estem de Col\u00f2nies al Pirineu.<\/p>\n<p>Voleu veure com ens ho estem passant?<\/p>\n<p>Feu clic a la fotografia seg\u00fcent.<\/p>\n<p><a href=\"https:\/\/drive.google.com\/drive\/folders\/1-3zP8TLuOe2-4w1GC5Xi31rxwMXKkc3E\"><img loading=\"lazy\" decoding=\"async\" class=\"alignnone size-medium wp-image-6201\" src=\"https:\/\/agora.xtec.cat\/ceippractiques2-lleida\/wp-content\/uploads\/usu635\/2023\/05\/9918285b-6bb0-4e2b-8849-9dfcfca2a60a-300x225.jpeg\" alt=\"\" width=\"300\" height=\"225\" srcset=\"https:\/\/agora.xtec.cat\/ceippractiques2-lleida\/wp-content\/uploads\/usu635\/2023\/05\/9918285b-6bb0-4e2b-8849-9dfcfca2a60a-300x225.jpeg 300w, https:\/\/agora.xtec.cat\/ceippractiques2-lleida\/wp-content\/uploads\/usu635\/2023\/05\/9918285b-6bb0-4e2b-8849-9dfcfca2a60a-768x576.jpeg 768w, https:\/\/agora.xtec.cat\/ceippractiques2-lleida\/wp-content\/uploads\/usu635\/2023\/05\/9918285b-6bb0-4e2b-8849-9dfcfca2a60a-200x150.jpeg 200w, https:\/\/agora.xtec.cat\/ceippractiques2-lleida\/wp-content\/uploads\/usu635\/2023\/05\/9918285b-6bb0-4e2b-8849-9dfcfca2a60a.jpeg 1024w\" sizes=\"auto, (max-width: 300px) 100vw, 300px\" \/><\/a><\/p>\n","protected":false},"excerpt":{"rendered":"<p>Els dies 17, 18 i 19 de maig els nens i nenes de 6\u00e8 estem de Col\u00f2nies al Pirineu.<br \/>\nVoleu veure com ens ho estem passant?<br \/>\nFeu clic a la fotografia seg\u00fcent.<br \/>\n<a href=\"https:\/\/drive.google.com\/drive\/folders\/1-3zP8TLuOe2-4w1GC5Xi31rxwMXKkc3E\"><\/a><\/p>\n","protected":false},"author":1,"featured_media":0,"comment_status":"open","ping_status":"closed","sticky":false,"template":"","format":"standard","meta":{"_bbp_topic_count":0,"_bbp_reply_count":0,"_bbp_total_topic_count":0,"_bbp_total_reply_count":0,"_bbp_voice_count":0,"_bbp_anonymous_reply_count":0,"_bbp_topic_count_hidden":0,"_bbp_reply_count_hidden":0,"_bbp_forum_subforum_count":0,"footnotes":""},"categories":[15,220,312,1,4],"tags":[],"class_list":["post-6200","post","type-post","status-publish","format-standard","hentry","category-6e","category-cicle-superior","category-colonies","category-general","category-portada"],"post_mailing_queue_ids":[],"_links":{"self":[{"href":"https:\/\/agora.xtec.cat\/ceippractiques2-lleida\/wp-json\/wp\/v2\/posts\/6200","targetHints":{"allow":["GET"]}}],"collection":[{"href":"https:\/\/agora.xtec.cat\/ceippractiques2-lleida\/wp-json\/wp\/v2\/posts"}],"about":[{"href":"https:\/\/agora.xtec.cat\/ceippractiques2-lleida\/wp-json\/wp\/v2\/types\/post"}],"author":[{"embeddable":true,"href":"https:\/\/agora.xtec.cat\/ceippractiques2-lleida\/wp-json\/wp\/v2\/users\/1"}],"replies":[{"embeddable":true,"href":"https:\/\/agora.xtec.cat\/ceippractiques2-lleida\/wp-json\/wp\/v2\/comments?post=6200"}],"version-history":[{"count":1,"href":"https:\/\/agora.xtec.cat\/ceippractiques2-lleida\/wp-json\/wp\/v2\/posts\/6200\/revisions"}],"predecessor-version":[{"id":6202,"href":"https:\/\/agora.xtec.cat\/ceippractiques2-lleida\/wp-json\/wp\/v2\/posts\/6200\/revisions\/6202"}],"wp:attachment":[{"href":"https:\/\/agora.xtec.cat\/ceippractiques2-lleida\/wp-json\/wp\/v2\/media?parent=6200"}],"wp:term":[{"taxonomy":"category","embeddable":true,"href":"https:\/\/agora.xtec.cat\/ceippractiques2-lleida\/wp-json\/wp\/v2\/categories?post=6200"},{"taxonomy":"post_tag","embeddable":true,"href":"https:\/\/agora.xtec.cat\/ceippractiques2-lleida\/wp-json\/wp\/v2\/tags?post=6200"}],"curies":[{"name":"wp","href":"https:\/\/api.w.org\/{rel}","templated":true}]}}