{"id":6101,"date":"2023-03-23T13:31:06","date_gmt":"2023-03-23T12:31:06","guid":{"rendered":"https:\/\/agora.xtec.cat\/ceippractiques2-lleida\/?p=6101"},"modified":"2023-03-23T13:31:06","modified_gmt":"2023-03-23T12:31:06","slug":"la-classe-dels-cavalls-i-dels-anecs-hem-anat-a-la-ludoteca","status":"publish","type":"post","link":"https:\/\/agora.xtec.cat\/ceippractiques2-lleida\/general\/la-classe-dels-cavalls-i-dels-anecs-hem-anat-a-la-ludoteca\/","title":{"rendered":"LA CLASSE DELS CAVALLS I DELS \u00c0NECS HEM ANAT A LA LUDOTECA"},"content":{"rendered":"<p>Els nens i les nenes d&#8217;I4 hem anat a gaudir d&#8217;un mat\u00ed de joc a la ludoteca d&#8217;Arenys de Segre. Ens ho hem passat d&#8217;all\u00f2 m\u00e9s b\u00e9, hem pogut jugar a la caseta, amb els vehicles, al futbol\u00ed, ens hem disfressat i fins i tot hem constru\u00eft la nostra pr\u00f2pia casa. Quina bona estona hem passat!<\/p>\n<p>Si voleu veure com hem gaudit, cliqueu a les imatges i ho descobrireu!<\/p>\n<p><a href=\"https:\/\/photos.app.goo.gl\/EA4PeFhKB9VxJFcPA\" target=\"_blank\" rel=\"noopener\"><img loading=\"lazy\" decoding=\"async\" class=\"aligncenter wp-image-6102 size-medium\" src=\"https:\/\/agora.xtec.cat\/ceippractiques2-lleida\/wp-content\/uploads\/usu635\/2023\/03\/portada-P4A-300x223.jpg\" alt=\"\" width=\"300\" height=\"223\" srcset=\"https:\/\/agora.xtec.cat\/ceippractiques2-lleida\/wp-content\/uploads\/usu635\/2023\/03\/portada-P4A-300x223.jpg 300w, https:\/\/agora.xtec.cat\/ceippractiques2-lleida\/wp-content\/uploads\/usu635\/2023\/03\/portada-P4A-200x150.jpg 200w, https:\/\/agora.xtec.cat\/ceippractiques2-lleida\/wp-content\/uploads\/usu635\/2023\/03\/portada-P4A.jpg 333w\" sizes=\"auto, (max-width: 300px) 100vw, 300px\" \/><\/a><\/p>\n<p><a href=\"https:\/\/photos.app.goo.gl\/3Hsb56Vbvq6zFupSA\" target=\"_blank\" rel=\"noopener\"><img loading=\"lazy\" decoding=\"async\" class=\"aligncenter wp-image-6103 size-medium\" src=\"https:\/\/agora.xtec.cat\/ceippractiques2-lleida\/wp-content\/uploads\/usu635\/2023\/03\/portada-P4B-300x202.jpg\" alt=\"\" width=\"300\" height=\"202\" srcset=\"https:\/\/agora.xtec.cat\/ceippractiques2-lleida\/wp-content\/uploads\/usu635\/2023\/03\/portada-P4B-300x202.jpg 300w, https:\/\/agora.xtec.cat\/ceippractiques2-lleida\/wp-content\/uploads\/usu635\/2023\/03\/portada-P4B.jpg 657w\" sizes=\"auto, (max-width: 300px) 100vw, 300px\" \/><\/a><\/p>\n","protected":false},"excerpt":{"rendered":"<p>Els nens i les nenes d&#8217;I4 hem anat a gaudir d&#8217;un mat\u00ed de joc a la ludoteca d&#8217;Arenys de Segre. Ens ho hem passat d&#8217;all\u00f2 m\u00e9s b\u00e9, hem pogut jugar a la caseta, amb els vehicles, al futbol\u00ed, ens hem disfressat i fins i tot&hellip;  <a href=\"https:\/\/agora.xtec.cat\/ceippractiques2-lleida\/general\/la-classe-dels-cavalls-i-dels-anecs-hem-anat-a-la-ludoteca\/\" title=\"Read LA CLASSE DELS CAVALLS I DELS \u00c0NECS HEM ANAT A LA LUDOTECA\">Llegeix m\u00e9s\u00bb<\/a><\/p>\n","protected":false},"author":17,"featured_media":6104,"comment_status":"open","ping_status":"closed","sticky":false,"template":"","format":"standard","meta":{"_bbp_topic_count":0,"_bbp_reply_count":0,"_bbp_total_topic_count":0,"_bbp_total_reply_count":0,"_bbp_voice_count":0,"_bbp_anonymous_reply_count":0,"_bbp_topic_count_hidden":0,"_bbp_reply_count_hidden":0,"_bbp_forum_subforum_count":0,"footnotes":""},"categories":[2,1,8,4],"tags":[173,174,193,154],"class_list":["post-6101","post","type-post","status-publish","format-standard","has-post-thumbnail","hentry","category-infantil","category-general","category-i4","category-portada","tag-anecs","tag-cavalls","tag-ludoteca","tag-p4"],"post_mailing_queue_ids":[],"_links":{"self":[{"href":"https:\/\/agora.xtec.cat\/ceippractiques2-lleida\/wp-json\/wp\/v2\/posts\/6101","targetHints":{"allow":["GET"]}}],"collection":[{"href":"https:\/\/agora.xtec.cat\/ceippractiques2-lleida\/wp-json\/wp\/v2\/posts"}],"about":[{"href":"https:\/\/agora.xtec.cat\/ceippractiques2-lleida\/wp-json\/wp\/v2\/types\/post"}],"author":[{"embeddable":true,"href":"https:\/\/agora.xtec.cat\/ceippractiques2-lleida\/wp-json\/wp\/v2\/users\/17"}],"replies":[{"embeddable":true,"href":"https:\/\/agora.xtec.cat\/ceippractiques2-lleida\/wp-json\/wp\/v2\/comments?post=6101"}],"version-history":[{"count":1,"href":"https:\/\/agora.xtec.cat\/ceippractiques2-lleida\/wp-json\/wp\/v2\/posts\/6101\/revisions"}],"predecessor-version":[{"id":6105,"href":"https:\/\/agora.xtec.cat\/ceippractiques2-lleida\/wp-json\/wp\/v2\/posts\/6101\/revisions\/6105"}],"wp:featuredmedia":[{"embeddable":true,"href":"https:\/\/agora.xtec.cat\/ceippractiques2-lleida\/wp-json\/wp\/v2\/media\/6104"}],"wp:attachment":[{"href":"https:\/\/agora.xtec.cat\/ceippractiques2-lleida\/wp-json\/wp\/v2\/media?parent=6101"}],"wp:term":[{"taxonomy":"category","embeddable":true,"href":"https:\/\/agora.xtec.cat\/ceippractiques2-lleida\/wp-json\/wp\/v2\/categories?post=6101"},{"taxonomy":"post_tag","embeddable":true,"href":"https:\/\/agora.xtec.cat\/ceippractiques2-lleida\/wp-json\/wp\/v2\/tags?post=6101"}],"curies":[{"name":"wp","href":"https:\/\/api.w.org\/{rel}","templated":true}]}}