{"id":6092,"date":"2023-03-31T12:39:01","date_gmt":"2023-03-31T10:39:01","guid":{"rendered":"https:\/\/agora.xtec.cat\/ceippractiques2-lleida\/?p=6092"},"modified":"2023-03-31T12:39:01","modified_gmt":"2023-03-31T10:39:01","slug":"3r-parc-del-transit","status":"publish","type":"post","link":"https:\/\/agora.xtec.cat\/ceippractiques2-lleida\/general\/3r-parc-del-transit\/","title":{"rendered":"3r Parc del Tr\u00e0nsit"},"content":{"rendered":"<p>La setmana passada l&#8217;alumnat de tercer vam anar al Parc del tr\u00e0nsit infantil de Gardeny per tal de realitzar la cloenda de les activitats sobre Educaci\u00f3 Vi\u00e0ria que hem dut a terme durant el curs. Podeu veure algunes fotografies de l&#8217;activitat clicant la seg\u00fcent imatge.<br \/>\n<a href=\"https:\/\/photos.app.goo.gl\/4QoDY4wq2X1RvUuD9\" target=\"_blank\" rel=\"noopener\"><img loading=\"lazy\" decoding=\"async\" class=\"aligncenter wp-image-6094\" src=\"https:\/\/agora.xtec.cat\/ceippractiques2-lleida\/wp-content\/uploads\/usu635\/2023\/03\/IMG_0580-2-300x61.jpg\" alt=\"\" width=\"428\" height=\"87\" srcset=\"https:\/\/agora.xtec.cat\/ceippractiques2-lleida\/wp-content\/uploads\/usu635\/2023\/03\/IMG_0580-2-300x61.jpg 300w, https:\/\/agora.xtec.cat\/ceippractiques2-lleida\/wp-content\/uploads\/usu635\/2023\/03\/IMG_0580-2-1024x208.jpg 1024w, https:\/\/agora.xtec.cat\/ceippractiques2-lleida\/wp-content\/uploads\/usu635\/2023\/03\/IMG_0580-2-768x156.jpg 768w, https:\/\/agora.xtec.cat\/ceippractiques2-lleida\/wp-content\/uploads\/usu635\/2023\/03\/IMG_0580-2-1536x312.jpg 1536w, https:\/\/agora.xtec.cat\/ceippractiques2-lleida\/wp-content\/uploads\/usu635\/2023\/03\/IMG_0580-2-2048x416.jpg 2048w\" sizes=\"auto, (max-width: 428px) 100vw, 428px\" \/><\/a><\/p>\n","protected":false},"excerpt":{"rendered":"<p>La setmana passada l&#8217;alumnat de tercer vam anar al Parc del tr\u00e0nsit infantil de Gardeny per tal de realitzar la cloenda de les activitats sobre Educaci\u00f3 Vi\u00e0ria que hem dut a terme durant el curs. Podeu veure algunes fotografies de l&#8217;activitat clicant la seg\u00fcent imatge.<br \/>\n<a&hellip;  <a href=\"https:\/\/agora.xtec.cat\/ceippractiques2-lleida\/general\/3r-parc-del-transit\/\" title=\"Read 3r Parc del Tr\u00e0nsit\">Llegeix m\u00e9s\u00bb<\/a><\/p>\n","protected":false},"author":1,"featured_media":6094,"comment_status":"open","ping_status":"closed","sticky":false,"template":"","format":"standard","meta":{"_bbp_topic_count":0,"_bbp_reply_count":0,"_bbp_total_topic_count":0,"_bbp_total_reply_count":0,"_bbp_voice_count":0,"_bbp_anonymous_reply_count":0,"_bbp_topic_count_hidden":0,"_bbp_reply_count_hidden":0,"_bbp_forum_subforum_count":0,"footnotes":""},"categories":[12,221,5,1,4],"tags":[128,66,159,178,72],"class_list":["post-6092","post","type-post","status-publish","format-standard","has-post-thumbnail","hentry","category-3r","category-cicle-mijta","category-primaria","category-general","category-portada","tag-activitats","tag-cicle-mitja","tag-excursio","tag-primaria","tag-tercer"],"post_mailing_queue_ids":[],"_links":{"self":[{"href":"https:\/\/agora.xtec.cat\/ceippractiques2-lleida\/wp-json\/wp\/v2\/posts\/6092","targetHints":{"allow":["GET"]}}],"collection":[{"href":"https:\/\/agora.xtec.cat\/ceippractiques2-lleida\/wp-json\/wp\/v2\/posts"}],"about":[{"href":"https:\/\/agora.xtec.cat\/ceippractiques2-lleida\/wp-json\/wp\/v2\/types\/post"}],"author":[{"embeddable":true,"href":"https:\/\/agora.xtec.cat\/ceippractiques2-lleida\/wp-json\/wp\/v2\/users\/1"}],"replies":[{"embeddable":true,"href":"https:\/\/agora.xtec.cat\/ceippractiques2-lleida\/wp-json\/wp\/v2\/comments?post=6092"}],"version-history":[{"count":3,"href":"https:\/\/agora.xtec.cat\/ceippractiques2-lleida\/wp-json\/wp\/v2\/posts\/6092\/revisions"}],"predecessor-version":[{"id":6123,"href":"https:\/\/agora.xtec.cat\/ceippractiques2-lleida\/wp-json\/wp\/v2\/posts\/6092\/revisions\/6123"}],"wp:featuredmedia":[{"embeddable":true,"href":"https:\/\/agora.xtec.cat\/ceippractiques2-lleida\/wp-json\/wp\/v2\/media\/6094"}],"wp:attachment":[{"href":"https:\/\/agora.xtec.cat\/ceippractiques2-lleida\/wp-json\/wp\/v2\/media?parent=6092"}],"wp:term":[{"taxonomy":"category","embeddable":true,"href":"https:\/\/agora.xtec.cat\/ceippractiques2-lleida\/wp-json\/wp\/v2\/categories?post=6092"},{"taxonomy":"post_tag","embeddable":true,"href":"https:\/\/agora.xtec.cat\/ceippractiques2-lleida\/wp-json\/wp\/v2\/tags?post=6092"}],"curies":[{"name":"wp","href":"https:\/\/api.w.org\/{rel}","templated":true}]}}