{"id":6045,"date":"2023-03-03T10:20:49","date_gmt":"2023-03-03T09:20:49","guid":{"rendered":"https:\/\/agora.xtec.cat\/ceippractiques2-lleida\/?p=6045"},"modified":"2023-03-03T10:20:49","modified_gmt":"2023-03-03T09:20:49","slug":"2n-anem-a-lauditori","status":"publish","type":"post","link":"https:\/\/agora.xtec.cat\/ceippractiques2-lleida\/general\/2n-anem-a-lauditori\/","title":{"rendered":"2N ANEM A L&#8217;AUDITORI"},"content":{"rendered":"<p>El dia\u00a0 24 de febrer el nens i nenes de 2n vam anar fins l&#8217;auditori. All\u00e0 vam veure un espectacle fet per Pau Elias, que t\u00e9 com a t\u00edtol Aquafonia.<\/p>\n<p>En Pau ens va fer m\u00e0gia amb la seva m\u00fasica, tocant amb baguetes i ampolles d&#8217;aigua. Ens va fer jugar, participar i fer ritmes. Va ser genial!<\/p>\n<p><a href=\"https:\/\/photos.app.goo.gl\/4QoPLF9A1vvsQXja8\"><img decoding=\"async\" src=\"https:\/\/lh3.googleusercontent.com\/JX2jxPhiXKmq8JJExbJnFobXUHMpowCgAfdJIgiFZekYekQpQWaday5s57K-8ZH3Lk3eriGmez1T1MU_zrD9OBo2x7CUA-mGHcA6L7GBoHAFF1PZtZ3HH1yKnGKX50azrk7urNRekWVXMiyro_jwpjxQ2gUE4p7CV0JvVyh6q9sURO0536bW3WpEmaDzV9QRfa-WzIdetu0UeyYt8wByrazm_1Zi6WEKkZXUIs8SZGXZleMW9IShWJ5OZwCVSkA9W0bAEKWITT1_YJDmXA-mjnqOTH-OPL9j54nLMLlZTMJd6C2B9wZd0oC_0M6bbc-FIyDaoE3a-XKG0jcwxJBFaLKhFq0AwkDq5wrTziQR33XQaVhbqSugXvVfqkkr6BccHs3Zp07k1-ZNLExARzAygk1sSbTNr8cSsmRmdF_70OlmwHOUBVMPq9m9eO0Y4Byvleg3JjUaH86Dzf1Ydj_HzaByFHPyPadurg0unn-r7ZDdLzXnLK9R_fpCCzM-YZjeIayuN1Dm84F2dwJBqrFzwpUrXlmhlYXNnDnQcl7_SX4C4kip0sW4kp1Mcy-8WS6YI4eXd9WUps_wNMALRkBMX8ObWtXv6AczWu5Wng7FXgn_K10ebqdGVjpqZjzte8-09q56y1MVKJhQEKyoUWPC4AL-HkpIq3H9Cq2heD9TAh47KID0Bj28cl28m9p7ElPGwN60SvBHwSkjESCed_q4wavebnzK3e7SqsZ8-boUnQ_wluOJB85LoT3zyYxcXaSZoVzm0f7PCeAuFlNJaPOJC-Svc6qDYto4upmG9Yt3ik1r-FHxhxMSUn0fB3YADwxBdRP2SjUbxPROeI3Mbr7Ef8XoDjxL36AFuZgH6LRAdlzN5gEwxuhKa98gwZN9McH_m3Am6vZoJ6wsL4EESODPKmYWi5s8StwSMnQQ95-EDIFY=w1292-h970-no?authuser=0\" \/><\/a><\/p>\n","protected":false},"excerpt":{"rendered":"<p>El dia\u00a0 24 de febrer el nens i nenes de 2n vam anar fins l&#8217;auditori. All\u00e0 vam veure un espectacle fet per Pau Elias, que t\u00e9 com a t\u00edtol Aquafonia.<br \/>\nEn Pau ens va fer m\u00e0gia amb la seva m\u00fasica, tocant amb baguetes i ampolles d&#8217;aigua.&hellip;  <a href=\"https:\/\/agora.xtec.cat\/ceippractiques2-lleida\/general\/2n-anem-a-lauditori\/\" title=\"Read 2N ANEM A L&#8217;AUDITORI\">Llegeix m\u00e9s\u00bb<\/a><\/p>\n","protected":false},"author":23,"featured_media":0,"comment_status":"open","ping_status":"closed","sticky":false,"template":"","format":"standard","meta":{"_bbp_topic_count":0,"_bbp_reply_count":0,"_bbp_total_topic_count":0,"_bbp_total_reply_count":0,"_bbp_voice_count":0,"_bbp_anonymous_reply_count":0,"_bbp_topic_count_hidden":0,"_bbp_reply_count_hidden":0,"_bbp_forum_subforum_count":0,"footnotes":""},"categories":[11,215,5,1,4],"tags":[],"class_list":["post-6045","post","type-post","status-publish","format-standard","hentry","category-2n","category-cicle-inicial","category-primaria","category-general","category-portada"],"post_mailing_queue_ids":[],"_links":{"self":[{"href":"https:\/\/agora.xtec.cat\/ceippractiques2-lleida\/wp-json\/wp\/v2\/posts\/6045","targetHints":{"allow":["GET"]}}],"collection":[{"href":"https:\/\/agora.xtec.cat\/ceippractiques2-lleida\/wp-json\/wp\/v2\/posts"}],"about":[{"href":"https:\/\/agora.xtec.cat\/ceippractiques2-lleida\/wp-json\/wp\/v2\/types\/post"}],"author":[{"embeddable":true,"href":"https:\/\/agora.xtec.cat\/ceippractiques2-lleida\/wp-json\/wp\/v2\/users\/23"}],"replies":[{"embeddable":true,"href":"https:\/\/agora.xtec.cat\/ceippractiques2-lleida\/wp-json\/wp\/v2\/comments?post=6045"}],"version-history":[{"count":2,"href":"https:\/\/agora.xtec.cat\/ceippractiques2-lleida\/wp-json\/wp\/v2\/posts\/6045\/revisions"}],"predecessor-version":[{"id":6047,"href":"https:\/\/agora.xtec.cat\/ceippractiques2-lleida\/wp-json\/wp\/v2\/posts\/6045\/revisions\/6047"}],"wp:attachment":[{"href":"https:\/\/agora.xtec.cat\/ceippractiques2-lleida\/wp-json\/wp\/v2\/media?parent=6045"}],"wp:term":[{"taxonomy":"category","embeddable":true,"href":"https:\/\/agora.xtec.cat\/ceippractiques2-lleida\/wp-json\/wp\/v2\/categories?post=6045"},{"taxonomy":"post_tag","embeddable":true,"href":"https:\/\/agora.xtec.cat\/ceippractiques2-lleida\/wp-json\/wp\/v2\/tags?post=6045"}],"curies":[{"name":"wp","href":"https:\/\/api.w.org\/{rel}","templated":true}]}}