{"id":6028,"date":"2023-03-02T12:59:41","date_gmt":"2023-03-02T11:59:41","guid":{"rendered":"https:\/\/agora.xtec.cat\/ceippractiques2-lleida\/?p=6028"},"modified":"2023-03-02T12:59:41","modified_gmt":"2023-03-02T11:59:41","slug":"p4-p5-i-1r-anem-a-lanimac","status":"publish","type":"post","link":"https:\/\/agora.xtec.cat\/ceippractiques2-lleida\/general\/p4-p5-i-1r-anem-a-lanimac\/","title":{"rendered":"P4, P5 I 1R ANEM A L&#8217;ANIMAC"},"content":{"rendered":"<p>El passat divendres 24 de febrer els nens i nenes de P4, P5 i 1r vam anar a la Llotja a gaudir de l&#8217;ANIMAC.<\/p>\n<p>Vam poder veure diferents curtmetratges que tractaven la difer\u00e8ncia de diferents i diverses maneres. Ens van agradar molt i ens ho vam passar d&#8217;all\u00f2 m\u00e9s b\u00e9.<\/p>\n<p>Si voleu veure com ens ho vam passar cliqueu a la imatge.<\/p>\n<p><a href=\"https:\/\/photos.app.goo.gl\/cPhX6ZNF22tkezdb7\" target=\"_blank\" rel=\"noopener\"><img loading=\"lazy\" decoding=\"async\" class=\"aligncenter wp-image-6029 size-medium\" src=\"https:\/\/agora.xtec.cat\/ceippractiques2-lleida\/wp-content\/uploads\/usu635\/2023\/03\/IMATGE-225x300.jpg\" alt=\"\" width=\"225\" height=\"300\" srcset=\"https:\/\/agora.xtec.cat\/ceippractiques2-lleida\/wp-content\/uploads\/usu635\/2023\/03\/IMATGE-225x300.jpg 225w, https:\/\/agora.xtec.cat\/ceippractiques2-lleida\/wp-content\/uploads\/usu635\/2023\/03\/IMATGE-768x1024.jpg 768w, https:\/\/agora.xtec.cat\/ceippractiques2-lleida\/wp-content\/uploads\/usu635\/2023\/03\/IMATGE.jpg 1024w\" sizes=\"auto, (max-width: 225px) 100vw, 225px\" \/><\/a><\/p>\n","protected":false},"excerpt":{"rendered":"<p>El passat divendres 24 de febrer els nens i nenes de P4, P5 i 1r vam anar a la Llotja a gaudir de l&#8217;ANIMAC.<br \/>\nVam poder veure diferents curtmetratges que tractaven la difer\u00e8ncia de diferents i diverses maneres. Ens van agradar molt i ens ho vam&hellip;  <a href=\"https:\/\/agora.xtec.cat\/ceippractiques2-lleida\/general\/p4-p5-i-1r-anem-a-lanimac\/\" title=\"Read P4, P5 I 1R ANEM A L&#8217;ANIMAC\">Llegeix m\u00e9s\u00bb<\/a><\/p>\n","protected":false},"author":17,"featured_media":6022,"comment_status":"open","ping_status":"closed","sticky":false,"template":"","format":"standard","meta":{"_bbp_topic_count":0,"_bbp_reply_count":0,"_bbp_total_topic_count":0,"_bbp_total_reply_count":0,"_bbp_voice_count":0,"_bbp_anonymous_reply_count":0,"_bbp_topic_count_hidden":0,"_bbp_reply_count_hidden":0,"_bbp_forum_subforum_count":0,"footnotes":""},"categories":[10,215,2,1,8,9,4],"tags":[],"class_list":["post-6028","post","type-post","status-publish","format-standard","has-post-thumbnail","hentry","category-1r","category-cicle-inicial","category-infantil","category-general","category-i4","category-i5","category-portada"],"post_mailing_queue_ids":[],"_links":{"self":[{"href":"https:\/\/agora.xtec.cat\/ceippractiques2-lleida\/wp-json\/wp\/v2\/posts\/6028","targetHints":{"allow":["GET"]}}],"collection":[{"href":"https:\/\/agora.xtec.cat\/ceippractiques2-lleida\/wp-json\/wp\/v2\/posts"}],"about":[{"href":"https:\/\/agora.xtec.cat\/ceippractiques2-lleida\/wp-json\/wp\/v2\/types\/post"}],"author":[{"embeddable":true,"href":"https:\/\/agora.xtec.cat\/ceippractiques2-lleida\/wp-json\/wp\/v2\/users\/17"}],"replies":[{"embeddable":true,"href":"https:\/\/agora.xtec.cat\/ceippractiques2-lleida\/wp-json\/wp\/v2\/comments?post=6028"}],"version-history":[{"count":1,"href":"https:\/\/agora.xtec.cat\/ceippractiques2-lleida\/wp-json\/wp\/v2\/posts\/6028\/revisions"}],"predecessor-version":[{"id":6030,"href":"https:\/\/agora.xtec.cat\/ceippractiques2-lleida\/wp-json\/wp\/v2\/posts\/6028\/revisions\/6030"}],"wp:featuredmedia":[{"embeddable":true,"href":"https:\/\/agora.xtec.cat\/ceippractiques2-lleida\/wp-json\/wp\/v2\/media\/6022"}],"wp:attachment":[{"href":"https:\/\/agora.xtec.cat\/ceippractiques2-lleida\/wp-json\/wp\/v2\/media?parent=6028"}],"wp:term":[{"taxonomy":"category","embeddable":true,"href":"https:\/\/agora.xtec.cat\/ceippractiques2-lleida\/wp-json\/wp\/v2\/categories?post=6028"},{"taxonomy":"post_tag","embeddable":true,"href":"https:\/\/agora.xtec.cat\/ceippractiques2-lleida\/wp-json\/wp\/v2\/tags?post=6028"}],"curies":[{"name":"wp","href":"https:\/\/api.w.org\/{rel}","templated":true}]}}