{"id":6010,"date":"2023-02-22T20:16:16","date_gmt":"2023-02-22T19:16:16","guid":{"rendered":"https:\/\/agora.xtec.cat\/ceippractiques2-lleida\/?p=6010"},"modified":"2023-02-22T20:16:16","modified_gmt":"2023-02-22T19:16:16","slug":"carnival-week-in-psychomotricity","status":"publish","type":"post","link":"https:\/\/agora.xtec.cat\/ceippractiques2-lleida\/general\/carnival-week-in-psychomotricity\/","title":{"rendered":"CARNIVAL WEEK IN PSYCHOMOTRICITY"},"content":{"rendered":"<p>La setmana passada, l&#8217;aula de psicomotricitat es va convertir en un espai de disfresses i complements, en la que tots els infants van tenir l&#8217;ocasi\u00f3 de convertir-se en diferents personatges a trav\u00e9s de les disfresses, m\u00e0scares, barrets, perruques i maquillatge.<\/p>\n<p>Va ser d&#8217;all\u00f2 m\u00e9s divertit! Cliqueu sobre les imatges per veure com vam gaudir.<\/p>\n<p><a href=\"https:\/\/photos.app.goo.gl\/Usn1rHG1U7HyzFfM7\" target=\"_blank\" rel=\"noopener\"><img loading=\"lazy\" decoding=\"async\" class=\"aligncenter wp-image-5270 size-medium\" src=\"https:\/\/agora.xtec.cat\/ceippractiques2-lleida\/wp-content\/uploads\/usu635\/2022\/03\/Captura-de-pantalla-2022-03-01-a-las-23.23.03-300x221.png\" alt=\"\" width=\"300\" height=\"221\" srcset=\"https:\/\/agora.xtec.cat\/ceippractiques2-lleida\/wp-content\/uploads\/usu635\/2022\/03\/Captura-de-pantalla-2022-03-01-a-las-23.23.03-300x221.png 300w, https:\/\/agora.xtec.cat\/ceippractiques2-lleida\/wp-content\/uploads\/usu635\/2022\/03\/Captura-de-pantalla-2022-03-01-a-las-23.23.03.png 732w\" sizes=\"auto, (max-width: 300px) 100vw, 300px\" \/><\/a> <a href=\"https:\/\/photos.app.goo.gl\/g98mqViM7zZqP9gv6\" target=\"_blank\" rel=\"noopener\"><img loading=\"lazy\" decoding=\"async\" class=\"aligncenter wp-image-5271 size-medium\" src=\"https:\/\/agora.xtec.cat\/ceippractiques2-lleida\/wp-content\/uploads\/usu635\/2022\/03\/Captura-de-pantalla-2022-03-01-a-las-23.23.29-300x221.png\" alt=\"\" width=\"300\" height=\"221\" srcset=\"https:\/\/agora.xtec.cat\/ceippractiques2-lleida\/wp-content\/uploads\/usu635\/2022\/03\/Captura-de-pantalla-2022-03-01-a-las-23.23.29-300x221.png 300w, https:\/\/agora.xtec.cat\/ceippractiques2-lleida\/wp-content\/uploads\/usu635\/2022\/03\/Captura-de-pantalla-2022-03-01-a-las-23.23.29.png 734w\" sizes=\"auto, (max-width: 300px) 100vw, 300px\" \/><\/a> <a href=\"https:\/\/photos.app.goo.gl\/f1MDWLz4VSY3EAxQ6\" target=\"_blank\" rel=\"noopener\"><img loading=\"lazy\" decoding=\"async\" class=\"aligncenter wp-image-5272 size-medium\" src=\"https:\/\/agora.xtec.cat\/ceippractiques2-lleida\/wp-content\/uploads\/usu635\/2022\/03\/Captura-de-pantalla-2022-03-01-a-las-23.23.52-300x222.png\" alt=\"\" width=\"300\" height=\"222\" srcset=\"https:\/\/agora.xtec.cat\/ceippractiques2-lleida\/wp-content\/uploads\/usu635\/2022\/03\/Captura-de-pantalla-2022-03-01-a-las-23.23.52-300x222.png 300w, https:\/\/agora.xtec.cat\/ceippractiques2-lleida\/wp-content\/uploads\/usu635\/2022\/03\/Captura-de-pantalla-2022-03-01-a-las-23.23.52.png 734w\" sizes=\"auto, (max-width: 300px) 100vw, 300px\" \/><\/a><\/p>\n","protected":false},"excerpt":{"rendered":"<p>A psicomotricitat tamb\u00e9 es celebra el carnaval. &hellip;  <a href=\"https:\/\/agora.xtec.cat\/ceippractiques2-lleida\/general\/carnival-week-in-psychomotricity\/\" title=\"Read CARNIVAL WEEK IN PSYCHOMOTRICITY\">Llegeix m\u00e9s\u00bb<\/a><\/p>\n","protected":false},"author":24,"featured_media":5269,"comment_status":"open","ping_status":"closed","sticky":false,"template":"","format":"standard","meta":{"_bbp_topic_count":0,"_bbp_reply_count":0,"_bbp_total_topic_count":0,"_bbp_total_reply_count":0,"_bbp_voice_count":0,"_bbp_anonymous_reply_count":0,"_bbp_topic_count_hidden":0,"_bbp_reply_count_hidden":0,"_bbp_forum_subforum_count":0,"footnotes":""},"categories":[2,1,3,8,9,4],"tags":[],"class_list":["post-6010","post","type-post","status-publish","format-standard","has-post-thumbnail","hentry","category-infantil","category-general","category-i3","category-i4","category-i5","category-portada"],"post_mailing_queue_ids":[],"_links":{"self":[{"href":"https:\/\/agora.xtec.cat\/ceippractiques2-lleida\/wp-json\/wp\/v2\/posts\/6010","targetHints":{"allow":["GET"]}}],"collection":[{"href":"https:\/\/agora.xtec.cat\/ceippractiques2-lleida\/wp-json\/wp\/v2\/posts"}],"about":[{"href":"https:\/\/agora.xtec.cat\/ceippractiques2-lleida\/wp-json\/wp\/v2\/types\/post"}],"author":[{"embeddable":true,"href":"https:\/\/agora.xtec.cat\/ceippractiques2-lleida\/wp-json\/wp\/v2\/users\/24"}],"replies":[{"embeddable":true,"href":"https:\/\/agora.xtec.cat\/ceippractiques2-lleida\/wp-json\/wp\/v2\/comments?post=6010"}],"version-history":[{"count":3,"href":"https:\/\/agora.xtec.cat\/ceippractiques2-lleida\/wp-json\/wp\/v2\/posts\/6010\/revisions"}],"predecessor-version":[{"id":6025,"href":"https:\/\/agora.xtec.cat\/ceippractiques2-lleida\/wp-json\/wp\/v2\/posts\/6010\/revisions\/6025"}],"wp:featuredmedia":[{"embeddable":true,"href":"https:\/\/agora.xtec.cat\/ceippractiques2-lleida\/wp-json\/wp\/v2\/media\/5269"}],"wp:attachment":[{"href":"https:\/\/agora.xtec.cat\/ceippractiques2-lleida\/wp-json\/wp\/v2\/media?parent=6010"}],"wp:term":[{"taxonomy":"category","embeddable":true,"href":"https:\/\/agora.xtec.cat\/ceippractiques2-lleida\/wp-json\/wp\/v2\/categories?post=6010"},{"taxonomy":"post_tag","embeddable":true,"href":"https:\/\/agora.xtec.cat\/ceippractiques2-lleida\/wp-json\/wp\/v2\/tags?post=6010"}],"curies":[{"name":"wp","href":"https:\/\/api.w.org\/{rel}","templated":true}]}}