{"id":5986,"date":"2023-02-15T19:38:27","date_gmt":"2023-02-15T18:38:27","guid":{"rendered":"https:\/\/agora.xtec.cat\/ceippractiques2-lleida\/?p=5986"},"modified":"2023-02-16T09:50:02","modified_gmt":"2023-02-16T08:50:02","slug":"6e-va-de-sortira-a-lauditori","status":"publish","type":"post","link":"https:\/\/agora.xtec.cat\/ceippractiques2-lleida\/general\/6e-va-de-sortira-a-lauditori\/","title":{"rendered":"6\u00e8 VA DE SORTIDA A L&#8217;AUDITORI"},"content":{"rendered":"<p>El passat dijous 9 de febrer els i les alumnes de 6\u00e8 vam anar d\u2019excursi\u00f3 l\u2019auditori Enric Granados de Lleida. Vam poder gaudir de l\u2019audici\u00f3<strong> \u201cRitmes musicals caribenys i llatinoamericans\u201d.<\/strong> La Banda Municipal de Lleida ens ho va fer passar d\u2019all\u00f2 m\u00e9s b\u00e9 amb les can\u00e7ons pr\u00f2pies del Per\u00fa, Brasil, Uruguai, Cuba, M\u00e8xic i Puerto Rico. Vam poder gaudir de ritmes musicals molt diferents amb els diferents instruments de vent i percussi\u00f3.<\/p>\n<p><em>Si feu clic en la seg\u00fcent imatge, podreu veure algunes imatges de la sortida.<\/em><\/p>\n<p><a href=\"https:\/\/photos.app.goo.gl\/AbkNzNnVtujDkPyS9\" target=\"_blank\" rel=\"noopener\"><img loading=\"lazy\" decoding=\"async\" class=\"wp-image-5988 alignleft\" src=\"https:\/\/agora.xtec.cat\/ceippractiques2-lleida\/wp-content\/uploads\/usu635\/2023\/02\/IMG_7847-auditori-1-1024x768.jpg\" alt=\"\" width=\"748\" height=\"561\" srcset=\"https:\/\/agora.xtec.cat\/ceippractiques2-lleida\/wp-content\/uploads\/usu635\/2023\/02\/IMG_7847-auditori-1-1024x768.jpg 1024w, https:\/\/agora.xtec.cat\/ceippractiques2-lleida\/wp-content\/uploads\/usu635\/2023\/02\/IMG_7847-auditori-1-300x225.jpg 300w, https:\/\/agora.xtec.cat\/ceippractiques2-lleida\/wp-content\/uploads\/usu635\/2023\/02\/IMG_7847-auditori-1-768x576.jpg 768w, https:\/\/agora.xtec.cat\/ceippractiques2-lleida\/wp-content\/uploads\/usu635\/2023\/02\/IMG_7847-auditori-1-1536x1152.jpg 1536w, https:\/\/agora.xtec.cat\/ceippractiques2-lleida\/wp-content\/uploads\/usu635\/2023\/02\/IMG_7847-auditori-1-2048x1536.jpg 2048w, https:\/\/agora.xtec.cat\/ceippractiques2-lleida\/wp-content\/uploads\/usu635\/2023\/02\/IMG_7847-auditori-1-200x150.jpg 200w\" sizes=\"auto, (max-width: 748px) 100vw, 748px\" \/><\/a><\/p>\n","protected":false},"excerpt":{"rendered":"<p>El passat dijous 9 de febrer els i les alumnes de 6\u00e8 vam anar d\u2019excursi\u00f3 l\u2019auditori Enric Granados de Lleida. Vam poder gaudir de l\u2019audici\u00f3 \u201cRitmes musicals caribenys i llatinoamericans\u201d. La Banda Municipal de Lleida ens ho va fer passar d\u2019all\u00f2 m\u00e9s b\u00e9 amb les&hellip;  <a href=\"https:\/\/agora.xtec.cat\/ceippractiques2-lleida\/general\/6e-va-de-sortira-a-lauditori\/\" title=\"Read 6\u00e8 VA DE SORTIDA A L&#8217;AUDITORI\">Llegeix m\u00e9s\u00bb<\/a><\/p>\n","protected":false},"author":16,"featured_media":5988,"comment_status":"open","ping_status":"closed","sticky":false,"template":"","format":"standard","meta":{"_bbp_topic_count":0,"_bbp_reply_count":0,"_bbp_total_topic_count":0,"_bbp_total_reply_count":0,"_bbp_voice_count":0,"_bbp_anonymous_reply_count":0,"_bbp_topic_count_hidden":0,"_bbp_reply_count_hidden":0,"_bbp_forum_subforum_count":0,"footnotes":""},"categories":[15,220,5,1,4],"tags":[85,79,16],"class_list":["post-5986","post","type-post","status-publish","format-standard","has-post-thumbnail","hentry","category-6e","category-cicle-superior","category-primaria","category-general","category-portada","tag-cicle-superior","tag-sise","tag-sortides"],"post_mailing_queue_ids":[],"_links":{"self":[{"href":"https:\/\/agora.xtec.cat\/ceippractiques2-lleida\/wp-json\/wp\/v2\/posts\/5986","targetHints":{"allow":["GET"]}}],"collection":[{"href":"https:\/\/agora.xtec.cat\/ceippractiques2-lleida\/wp-json\/wp\/v2\/posts"}],"about":[{"href":"https:\/\/agora.xtec.cat\/ceippractiques2-lleida\/wp-json\/wp\/v2\/types\/post"}],"author":[{"embeddable":true,"href":"https:\/\/agora.xtec.cat\/ceippractiques2-lleida\/wp-json\/wp\/v2\/users\/16"}],"replies":[{"embeddable":true,"href":"https:\/\/agora.xtec.cat\/ceippractiques2-lleida\/wp-json\/wp\/v2\/comments?post=5986"}],"version-history":[{"count":3,"href":"https:\/\/agora.xtec.cat\/ceippractiques2-lleida\/wp-json\/wp\/v2\/posts\/5986\/revisions"}],"predecessor-version":[{"id":5995,"href":"https:\/\/agora.xtec.cat\/ceippractiques2-lleida\/wp-json\/wp\/v2\/posts\/5986\/revisions\/5995"}],"wp:featuredmedia":[{"embeddable":true,"href":"https:\/\/agora.xtec.cat\/ceippractiques2-lleida\/wp-json\/wp\/v2\/media\/5988"}],"wp:attachment":[{"href":"https:\/\/agora.xtec.cat\/ceippractiques2-lleida\/wp-json\/wp\/v2\/media?parent=5986"}],"wp:term":[{"taxonomy":"category","embeddable":true,"href":"https:\/\/agora.xtec.cat\/ceippractiques2-lleida\/wp-json\/wp\/v2\/categories?post=5986"},{"taxonomy":"post_tag","embeddable":true,"href":"https:\/\/agora.xtec.cat\/ceippractiques2-lleida\/wp-json\/wp\/v2\/tags?post=5986"}],"curies":[{"name":"wp","href":"https:\/\/api.w.org\/{rel}","templated":true}]}}