{"id":5981,"date":"2023-02-15T09:54:11","date_gmt":"2023-02-15T08:54:11","guid":{"rendered":"https:\/\/agora.xtec.cat\/ceippractiques2-lleida\/?p=5981"},"modified":"2023-02-15T09:54:11","modified_gmt":"2023-02-15T08:54:11","slug":"3r-dia-de-lamor-i-lamistat","status":"publish","type":"post","link":"https:\/\/agora.xtec.cat\/ceippractiques2-lleida\/general\/3r-dia-de-lamor-i-lamistat\/","title":{"rendered":"3r Dia de l&#8217;amor i l&#8217;amistat"},"content":{"rendered":"<p>L&#8217;alumnat de tercer ens hem dit coses boniques en el dia de l&#8217;amor i l&#8217;amistat. I hem arribat a la conclusi\u00f3 que no \u00e9s necessari que hagi un dia a l&#8217;any per ser amables amb els companys i companyes; sin\u00f3 que qualsevol dia \u00e9s bo per dir-nos el qu\u00e8 ens estimem!<\/p>\n<p><img loading=\"lazy\" decoding=\"async\" class=\"wp-image-5983 aligncenter\" src=\"https:\/\/agora.xtec.cat\/ceippractiques2-lleida\/wp-content\/uploads\/usu635\/2023\/02\/IMG_0194-1-300x225.jpg\" alt=\"\" width=\"391\" height=\"293\" srcset=\"https:\/\/agora.xtec.cat\/ceippractiques2-lleida\/wp-content\/uploads\/usu635\/2023\/02\/IMG_0194-1-300x225.jpg 300w, https:\/\/agora.xtec.cat\/ceippractiques2-lleida\/wp-content\/uploads\/usu635\/2023\/02\/IMG_0194-1-768x576.jpg 768w, https:\/\/agora.xtec.cat\/ceippractiques2-lleida\/wp-content\/uploads\/usu635\/2023\/02\/IMG_0194-1-200x150.jpg 200w, https:\/\/agora.xtec.cat\/ceippractiques2-lleida\/wp-content\/uploads\/usu635\/2023\/02\/IMG_0194-1.jpg 1024w\" sizes=\"auto, (max-width: 391px) 100vw, 391px\" \/><\/p>\n","protected":false},"excerpt":{"rendered":"<p>L&#8217;alumnat de tercer ens hem dit coses boniques en el dia de l&#8217;amor i l&#8217;amistat. I hem arribat a la conclusi\u00f3 que no \u00e9s necessari que hagi un dia a l&#8217;any per ser amables amb els companys i companyes; sin\u00f3 que qualsevol dia \u00e9s bo&hellip;  <a href=\"https:\/\/agora.xtec.cat\/ceippractiques2-lleida\/general\/3r-dia-de-lamor-i-lamistat\/\" title=\"Read 3r Dia de l&#8217;amor i l&#8217;amistat\">Llegeix m\u00e9s\u00bb<\/a><\/p>\n","protected":false},"author":1,"featured_media":5983,"comment_status":"open","ping_status":"closed","sticky":false,"template":"","format":"standard","meta":{"_bbp_topic_count":0,"_bbp_reply_count":0,"_bbp_total_topic_count":0,"_bbp_total_reply_count":0,"_bbp_voice_count":0,"_bbp_anonymous_reply_count":0,"_bbp_topic_count_hidden":0,"_bbp_reply_count_hidden":0,"_bbp_forum_subforum_count":0,"footnotes":""},"categories":[12,221,5,186,1,4],"tags":[66,94,72],"class_list":["post-5981","post","type-post","status-publish","format-standard","has-post-thumbnail","hentry","category-3r","category-cicle-mijta","category-primaria","category-festes","category-general","category-portada","tag-cicle-mitja","tag-festes","tag-tercer"],"post_mailing_queue_ids":[],"_links":{"self":[{"href":"https:\/\/agora.xtec.cat\/ceippractiques2-lleida\/wp-json\/wp\/v2\/posts\/5981","targetHints":{"allow":["GET"]}}],"collection":[{"href":"https:\/\/agora.xtec.cat\/ceippractiques2-lleida\/wp-json\/wp\/v2\/posts"}],"about":[{"href":"https:\/\/agora.xtec.cat\/ceippractiques2-lleida\/wp-json\/wp\/v2\/types\/post"}],"author":[{"embeddable":true,"href":"https:\/\/agora.xtec.cat\/ceippractiques2-lleida\/wp-json\/wp\/v2\/users\/1"}],"replies":[{"embeddable":true,"href":"https:\/\/agora.xtec.cat\/ceippractiques2-lleida\/wp-json\/wp\/v2\/comments?post=5981"}],"version-history":[{"count":2,"href":"https:\/\/agora.xtec.cat\/ceippractiques2-lleida\/wp-json\/wp\/v2\/posts\/5981\/revisions"}],"predecessor-version":[{"id":5985,"href":"https:\/\/agora.xtec.cat\/ceippractiques2-lleida\/wp-json\/wp\/v2\/posts\/5981\/revisions\/5985"}],"wp:featuredmedia":[{"embeddable":true,"href":"https:\/\/agora.xtec.cat\/ceippractiques2-lleida\/wp-json\/wp\/v2\/media\/5983"}],"wp:attachment":[{"href":"https:\/\/agora.xtec.cat\/ceippractiques2-lleida\/wp-json\/wp\/v2\/media?parent=5981"}],"wp:term":[{"taxonomy":"category","embeddable":true,"href":"https:\/\/agora.xtec.cat\/ceippractiques2-lleida\/wp-json\/wp\/v2\/categories?post=5981"},{"taxonomy":"post_tag","embeddable":true,"href":"https:\/\/agora.xtec.cat\/ceippractiques2-lleida\/wp-json\/wp\/v2\/tags?post=5981"}],"curies":[{"name":"wp","href":"https:\/\/api.w.org\/{rel}","templated":true}]}}