{"id":5946,"date":"2023-02-07T16:37:01","date_gmt":"2023-02-07T15:37:01","guid":{"rendered":"https:\/\/agora.xtec.cat\/ceippractiques2-lleida\/?p=5946"},"modified":"2023-02-07T16:40:32","modified_gmt":"2023-02-07T15:40:32","slug":"a-p3-aprenem-a-traves-dels-nostres-noms","status":"publish","type":"post","link":"https:\/\/agora.xtec.cat\/ceippractiques2-lleida\/general\/a-p3-aprenem-a-traves-dels-nostres-noms\/","title":{"rendered":"A P3 APRENEM A TRAV\u00c9S DELS NOSTRES NOMS"},"content":{"rendered":"<p>Aquest trimestre hem comen\u00e7at amb el treball del nostre nom i del dels nostres companys i companyes, aix\u00ed com dels mestres.<\/p>\n<p>El descobriment de les lletres a trav\u00e9s del nom, fa que aquest aprenentatge sigui m\u00e9s proper i significatiu, en tot moment es mostren participatius i motivats a trobar i aprendre la relaci\u00f3 d&#8217;aquestes lletres amb el seu respectiu so, aix\u00ed com tamb\u00e9, van relacionant cada lletra amb el nom conegut.<\/p>\n<p>Poc a poc ho anirem aprenent i ho anirem sabent, i mentrestant, ens ho passem d&#8217;all\u00f2 m\u00e9s b\u00e9!<\/p>\n<p>Feu un clic sobre la imatge per veure les fotografies realitzant aquest aprenentatge.<\/p>\n<p><a href=\"https:\/\/photos.app.goo.gl\/inwXyscEo3FArF4R9\" target=\"_blank\" rel=\"noopener\"><img loading=\"lazy\" decoding=\"async\" class=\"alignnone wp-image-5967\" src=\"https:\/\/agora.xtec.cat\/ceippractiques2-lleida\/wp-content\/uploads\/usu635\/2023\/01\/1675773967053-1024x822.jpg\" alt=\"\" width=\"244\" height=\"196\" srcset=\"https:\/\/agora.xtec.cat\/ceippractiques2-lleida\/wp-content\/uploads\/usu635\/2023\/01\/1675773967053-1024x822.jpg 1024w, https:\/\/agora.xtec.cat\/ceippractiques2-lleida\/wp-content\/uploads\/usu635\/2023\/01\/1675773967053-300x241.jpg 300w, https:\/\/agora.xtec.cat\/ceippractiques2-lleida\/wp-content\/uploads\/usu635\/2023\/01\/1675773967053-768x616.jpg 768w, https:\/\/agora.xtec.cat\/ceippractiques2-lleida\/wp-content\/uploads\/usu635\/2023\/01\/1675773967053-1536x1233.jpg 1536w, https:\/\/agora.xtec.cat\/ceippractiques2-lleida\/wp-content\/uploads\/usu635\/2023\/01\/1675773967053-2048x1644.jpg 2048w\" sizes=\"auto, (max-width: 244px) 100vw, 244px\" \/><\/a><\/p>\n","protected":false},"excerpt":{"rendered":"<p>Aprenem lletres a trav\u00e9s del nostre nom i el dels altres. &hellip;  <a href=\"https:\/\/agora.xtec.cat\/ceippractiques2-lleida\/general\/a-p3-aprenem-a-traves-dels-nostres-noms\/\" title=\"Read A P3 APRENEM A TRAV\u00c9S DELS NOSTRES NOMS\">Llegeix m\u00e9s\u00bb<\/a><\/p>\n","protected":false},"author":24,"featured_media":5970,"comment_status":"open","ping_status":"closed","sticky":false,"template":"","format":"standard","meta":{"_bbp_topic_count":0,"_bbp_reply_count":0,"_bbp_total_topic_count":0,"_bbp_total_reply_count":0,"_bbp_voice_count":0,"_bbp_anonymous_reply_count":0,"_bbp_topic_count_hidden":0,"_bbp_reply_count_hidden":0,"_bbp_forum_subforum_count":0,"footnotes":""},"categories":[2,1,3,4],"tags":[],"class_list":["post-5946","post","type-post","status-publish","format-standard","has-post-thumbnail","hentry","category-infantil","category-general","category-i3","category-portada"],"post_mailing_queue_ids":[],"_links":{"self":[{"href":"https:\/\/agora.xtec.cat\/ceippractiques2-lleida\/wp-json\/wp\/v2\/posts\/5946","targetHints":{"allow":["GET"]}}],"collection":[{"href":"https:\/\/agora.xtec.cat\/ceippractiques2-lleida\/wp-json\/wp\/v2\/posts"}],"about":[{"href":"https:\/\/agora.xtec.cat\/ceippractiques2-lleida\/wp-json\/wp\/v2\/types\/post"}],"author":[{"embeddable":true,"href":"https:\/\/agora.xtec.cat\/ceippractiques2-lleida\/wp-json\/wp\/v2\/users\/24"}],"replies":[{"embeddable":true,"href":"https:\/\/agora.xtec.cat\/ceippractiques2-lleida\/wp-json\/wp\/v2\/comments?post=5946"}],"version-history":[{"count":4,"href":"https:\/\/agora.xtec.cat\/ceippractiques2-lleida\/wp-json\/wp\/v2\/posts\/5946\/revisions"}],"predecessor-version":[{"id":5971,"href":"https:\/\/agora.xtec.cat\/ceippractiques2-lleida\/wp-json\/wp\/v2\/posts\/5946\/revisions\/5971"}],"wp:featuredmedia":[{"embeddable":true,"href":"https:\/\/agora.xtec.cat\/ceippractiques2-lleida\/wp-json\/wp\/v2\/media\/5970"}],"wp:attachment":[{"href":"https:\/\/agora.xtec.cat\/ceippractiques2-lleida\/wp-json\/wp\/v2\/media?parent=5946"}],"wp:term":[{"taxonomy":"category","embeddable":true,"href":"https:\/\/agora.xtec.cat\/ceippractiques2-lleida\/wp-json\/wp\/v2\/categories?post=5946"},{"taxonomy":"post_tag","embeddable":true,"href":"https:\/\/agora.xtec.cat\/ceippractiques2-lleida\/wp-json\/wp\/v2\/tags?post=5946"}],"curies":[{"name":"wp","href":"https:\/\/api.w.org\/{rel}","templated":true}]}}