{"id":5902,"date":"2022-12-20T12:55:00","date_gmt":"2022-12-20T11:55:00","guid":{"rendered":"https:\/\/agora.xtec.cat\/ceippractiques2-lleida\/?p=5902"},"modified":"2022-12-20T12:55:00","modified_gmt":"2022-12-20T11:55:00","slug":"el-nadal-ja-es-aqui","status":"publish","type":"post","link":"https:\/\/agora.xtec.cat\/ceippractiques2-lleida\/general\/el-nadal-ja-es-aqui\/","title":{"rendered":"EL NADAL JA \u00c9S AQU\u00cd."},"content":{"rendered":"<p>El Nadal ja \u00e9s aqu\u00ed, i com no, a l&#8217;escola hem estat treballant vocabulari relacionat amb les festes nadalenques.<\/p>\n<p>Han realitzant un treball manipulatiu molt interessant formant paraules que ja coneixien i d&#8217;altres de noves. Han confegit i escric paraules de forma lliure.<\/p>\n<p>Dins d&#8217;aquesta gran tasca els vostres fills i filles tamb\u00e9 han confeccionat una carta pels REIS MAGS D&#8217;ORIENT. Esperem tenir sort, i que a l&#8217;escola tamb\u00e9 ens arribi alguna sorpresa despr\u00e9s de festes.<\/p>\n<p>CLIQUEU DAMUNT LA IMATGE<\/p>\n<p><a href=\"https:\/\/photos.app.goo.gl\/ZYbSM4i5LJFiPQcS6\"><img loading=\"lazy\" decoding=\"async\" class=\"alignnone wp-image-5904\" src=\"https:\/\/agora.xtec.cat\/ceippractiques2-lleida\/wp-content\/uploads\/usu635\/2022\/12\/IMATGE-ARTICLE-NADAL-1-1024x768.jpg\" alt=\"\" width=\"276\" height=\"207\" srcset=\"https:\/\/agora.xtec.cat\/ceippractiques2-lleida\/wp-content\/uploads\/usu635\/2022\/12\/IMATGE-ARTICLE-NADAL-1-1024x768.jpg 1024w, https:\/\/agora.xtec.cat\/ceippractiques2-lleida\/wp-content\/uploads\/usu635\/2022\/12\/IMATGE-ARTICLE-NADAL-1-300x225.jpg 300w, https:\/\/agora.xtec.cat\/ceippractiques2-lleida\/wp-content\/uploads\/usu635\/2022\/12\/IMATGE-ARTICLE-NADAL-1-768x576.jpg 768w, https:\/\/agora.xtec.cat\/ceippractiques2-lleida\/wp-content\/uploads\/usu635\/2022\/12\/IMATGE-ARTICLE-NADAL-1-1536x1152.jpg 1536w, https:\/\/agora.xtec.cat\/ceippractiques2-lleida\/wp-content\/uploads\/usu635\/2022\/12\/IMATGE-ARTICLE-NADAL-1-200x150.jpg 200w, https:\/\/agora.xtec.cat\/ceippractiques2-lleida\/wp-content\/uploads\/usu635\/2022\/12\/IMATGE-ARTICLE-NADAL-1.jpg 1672w\" sizes=\"auto, (max-width: 276px) 100vw, 276px\" \/><\/a><\/p>\n<p>&nbsp;<\/p>\n<p>&nbsp;<\/p>\n<p>&nbsp;<\/p>\n","protected":false},"excerpt":{"rendered":"<p>Deixem un petit recull del treball de lectoescriptura de paraules de Nadal.<br \/>\n&hellip;  <a href=\"https:\/\/agora.xtec.cat\/ceippractiques2-lleida\/general\/el-nadal-ja-es-aqui\/\" title=\"Read EL NADAL JA \u00c9S AQU\u00cd.\">Llegeix m\u00e9s\u00bb<\/a><\/p>\n","protected":false},"author":22,"featured_media":5904,"comment_status":"open","ping_status":"closed","sticky":false,"template":"","format":"standard","meta":{"_bbp_topic_count":0,"_bbp_reply_count":0,"_bbp_total_topic_count":0,"_bbp_total_reply_count":0,"_bbp_voice_count":0,"_bbp_anonymous_reply_count":0,"_bbp_topic_count_hidden":0,"_bbp_reply_count_hidden":0,"_bbp_forum_subforum_count":0,"footnotes":""},"categories":[2,1,9,4],"tags":[],"class_list":["post-5902","post","type-post","status-publish","format-standard","has-post-thumbnail","hentry","category-infantil","category-general","category-i5","category-portada"],"post_mailing_queue_ids":[],"_links":{"self":[{"href":"https:\/\/agora.xtec.cat\/ceippractiques2-lleida\/wp-json\/wp\/v2\/posts\/5902","targetHints":{"allow":["GET"]}}],"collection":[{"href":"https:\/\/agora.xtec.cat\/ceippractiques2-lleida\/wp-json\/wp\/v2\/posts"}],"about":[{"href":"https:\/\/agora.xtec.cat\/ceippractiques2-lleida\/wp-json\/wp\/v2\/types\/post"}],"author":[{"embeddable":true,"href":"https:\/\/agora.xtec.cat\/ceippractiques2-lleida\/wp-json\/wp\/v2\/users\/22"}],"replies":[{"embeddable":true,"href":"https:\/\/agora.xtec.cat\/ceippractiques2-lleida\/wp-json\/wp\/v2\/comments?post=5902"}],"version-history":[{"count":2,"href":"https:\/\/agora.xtec.cat\/ceippractiques2-lleida\/wp-json\/wp\/v2\/posts\/5902\/revisions"}],"predecessor-version":[{"id":5906,"href":"https:\/\/agora.xtec.cat\/ceippractiques2-lleida\/wp-json\/wp\/v2\/posts\/5902\/revisions\/5906"}],"wp:featuredmedia":[{"embeddable":true,"href":"https:\/\/agora.xtec.cat\/ceippractiques2-lleida\/wp-json\/wp\/v2\/media\/5904"}],"wp:attachment":[{"href":"https:\/\/agora.xtec.cat\/ceippractiques2-lleida\/wp-json\/wp\/v2\/media?parent=5902"}],"wp:term":[{"taxonomy":"category","embeddable":true,"href":"https:\/\/agora.xtec.cat\/ceippractiques2-lleida\/wp-json\/wp\/v2\/categories?post=5902"},{"taxonomy":"post_tag","embeddable":true,"href":"https:\/\/agora.xtec.cat\/ceippractiques2-lleida\/wp-json\/wp\/v2\/tags?post=5902"}],"curies":[{"name":"wp","href":"https:\/\/api.w.org\/{rel}","templated":true}]}}