{"id":5889,"date":"2022-12-14T12:11:07","date_gmt":"2022-12-14T11:11:07","guid":{"rendered":"https:\/\/agora.xtec.cat\/ceippractiques2-lleida\/?p=5889"},"modified":"2022-12-14T12:11:07","modified_gmt":"2022-12-14T11:11:07","slug":"els-contes-a-p3","status":"publish","type":"post","link":"https:\/\/agora.xtec.cat\/ceippractiques2-lleida\/general\/els-contes-a-p3\/","title":{"rendered":"ELS CONTES A P3"},"content":{"rendered":"<p><span style=\"font-weight: 400;\">Durant tot el curs a P3 ens endinsarem en el m\u00f3n dels contes que tot sovint narrem amb titelles. Aquest primer trimestre hem gaudit de contes populars. En primer lloc, contes com ara el Cargol i l\u2019 Herba de Poniol i La llebre i la tortuga que tenen com a personatges el cargol i la tortuga, com el nom i el projecte d\u2019aula d\u2019aquest trimestre. Altres contes populars amb titelles que ens han agradat molt i molt son La Caputxeta vermella i Els tres porquets.<\/span><\/p>\n<p><span style=\"font-weight: 400;\">Durant la resta de curs continuarem divertint-nos d\u2019all\u00f2 m\u00e9s i introduirem contes de la literatura infantil i juvenil contempor\u00e0nia.<\/span><\/p>\n<p><a href=\"https:\/\/photos.app.goo.gl\/6FaWuVYZbv8gqdSN8\" target=\"_blank\" rel=\"noopener\"><img loading=\"lazy\" decoding=\"async\" class=\"aligncenter wp-image-5895 size-medium\" src=\"https:\/\/agora.xtec.cat\/ceippractiques2-lleida\/wp-content\/uploads\/usu635\/2022\/12\/WhatsApp-Image-2022-12-11-at-13.50.07-1-300x225.jpeg\" alt=\"\" width=\"300\" height=\"225\" srcset=\"https:\/\/agora.xtec.cat\/ceippractiques2-lleida\/wp-content\/uploads\/usu635\/2022\/12\/WhatsApp-Image-2022-12-11-at-13.50.07-1-300x225.jpeg 300w, https:\/\/agora.xtec.cat\/ceippractiques2-lleida\/wp-content\/uploads\/usu635\/2022\/12\/WhatsApp-Image-2022-12-11-at-13.50.07-1-1024x768.jpeg 1024w, https:\/\/agora.xtec.cat\/ceippractiques2-lleida\/wp-content\/uploads\/usu635\/2022\/12\/WhatsApp-Image-2022-12-11-at-13.50.07-1-768x576.jpeg 768w, https:\/\/agora.xtec.cat\/ceippractiques2-lleida\/wp-content\/uploads\/usu635\/2022\/12\/WhatsApp-Image-2022-12-11-at-13.50.07-1-1536x1152.jpeg 1536w, https:\/\/agora.xtec.cat\/ceippractiques2-lleida\/wp-content\/uploads\/usu635\/2022\/12\/WhatsApp-Image-2022-12-11-at-13.50.07-1-200x150.jpeg 200w, https:\/\/agora.xtec.cat\/ceippractiques2-lleida\/wp-content\/uploads\/usu635\/2022\/12\/WhatsApp-Image-2022-12-11-at-13.50.07-1.jpeg 2000w\" sizes=\"auto, (max-width: 300px) 100vw, 300px\" \/><\/a> <a href=\"https:\/\/photos.app.goo.gl\/3AbwfL6JXLS3MSLG7\" target=\"_blank\" rel=\"noopener\"><img loading=\"lazy\" decoding=\"async\" class=\"aligncenter wp-image-5896 size-medium\" src=\"https:\/\/agora.xtec.cat\/ceippractiques2-lleida\/wp-content\/uploads\/usu635\/2022\/12\/WhatsApp-Image-2022-12-11-at-14.11.03-300x225.jpeg\" alt=\"\" width=\"300\" height=\"225\" srcset=\"https:\/\/agora.xtec.cat\/ceippractiques2-lleida\/wp-content\/uploads\/usu635\/2022\/12\/WhatsApp-Image-2022-12-11-at-14.11.03-300x225.jpeg 300w, https:\/\/agora.xtec.cat\/ceippractiques2-lleida\/wp-content\/uploads\/usu635\/2022\/12\/WhatsApp-Image-2022-12-11-at-14.11.03-1024x768.jpeg 1024w, https:\/\/agora.xtec.cat\/ceippractiques2-lleida\/wp-content\/uploads\/usu635\/2022\/12\/WhatsApp-Image-2022-12-11-at-14.11.03-768x576.jpeg 768w, https:\/\/agora.xtec.cat\/ceippractiques2-lleida\/wp-content\/uploads\/usu635\/2022\/12\/WhatsApp-Image-2022-12-11-at-14.11.03-1536x1152.jpeg 1536w, https:\/\/agora.xtec.cat\/ceippractiques2-lleida\/wp-content\/uploads\/usu635\/2022\/12\/WhatsApp-Image-2022-12-11-at-14.11.03-200x150.jpeg 200w, https:\/\/agora.xtec.cat\/ceippractiques2-lleida\/wp-content\/uploads\/usu635\/2022\/12\/WhatsApp-Image-2022-12-11-at-14.11.03.jpeg 2000w\" sizes=\"auto, (max-width: 300px) 100vw, 300px\" \/><\/a><\/p>\n","protected":false},"excerpt":{"rendered":"<p>Durant tot el curs a P3 ens endinsarem en el m\u00f3n dels contes que tot sovint narrem amb titelles. Aquest primer trimestre hem gaudit de contes populars. En primer lloc, contes com ara el Cargol i l\u2019 Herba de Poniol i La llebre i la&hellip;  <a href=\"https:\/\/agora.xtec.cat\/ceippractiques2-lleida\/general\/els-contes-a-p3\/\" title=\"Read ELS CONTES A P3\">Llegeix m\u00e9s\u00bb<\/a><\/p>\n","protected":false},"author":17,"featured_media":0,"comment_status":"open","ping_status":"closed","sticky":false,"template":"","format":"standard","meta":{"_bbp_topic_count":0,"_bbp_reply_count":0,"_bbp_total_topic_count":0,"_bbp_total_reply_count":0,"_bbp_voice_count":0,"_bbp_anonymous_reply_count":0,"_bbp_topic_count_hidden":0,"_bbp_reply_count_hidden":0,"_bbp_forum_subforum_count":0,"footnotes":""},"categories":[2,1,3,4],"tags":[162,223,152,163],"class_list":["post-5889","post","type-post","status-publish","format-standard","hentry","category-infantil","category-general","category-i3","category-portada","tag-caragols","tag-contes","tag-p3","tag-tortugues"],"post_mailing_queue_ids":[],"_links":{"self":[{"href":"https:\/\/agora.xtec.cat\/ceippractiques2-lleida\/wp-json\/wp\/v2\/posts\/5889","targetHints":{"allow":["GET"]}}],"collection":[{"href":"https:\/\/agora.xtec.cat\/ceippractiques2-lleida\/wp-json\/wp\/v2\/posts"}],"about":[{"href":"https:\/\/agora.xtec.cat\/ceippractiques2-lleida\/wp-json\/wp\/v2\/types\/post"}],"author":[{"embeddable":true,"href":"https:\/\/agora.xtec.cat\/ceippractiques2-lleida\/wp-json\/wp\/v2\/users\/17"}],"replies":[{"embeddable":true,"href":"https:\/\/agora.xtec.cat\/ceippractiques2-lleida\/wp-json\/wp\/v2\/comments?post=5889"}],"version-history":[{"count":3,"href":"https:\/\/agora.xtec.cat\/ceippractiques2-lleida\/wp-json\/wp\/v2\/posts\/5889\/revisions"}],"predecessor-version":[{"id":5898,"href":"https:\/\/agora.xtec.cat\/ceippractiques2-lleida\/wp-json\/wp\/v2\/posts\/5889\/revisions\/5898"}],"wp:attachment":[{"href":"https:\/\/agora.xtec.cat\/ceippractiques2-lleida\/wp-json\/wp\/v2\/media?parent=5889"}],"wp:term":[{"taxonomy":"category","embeddable":true,"href":"https:\/\/agora.xtec.cat\/ceippractiques2-lleida\/wp-json\/wp\/v2\/categories?post=5889"},{"taxonomy":"post_tag","embeddable":true,"href":"https:\/\/agora.xtec.cat\/ceippractiques2-lleida\/wp-json\/wp\/v2\/tags?post=5889"}],"curies":[{"name":"wp","href":"https:\/\/api.w.org\/{rel}","templated":true}]}}