{"id":5867,"date":"2022-12-06T11:17:18","date_gmt":"2022-12-06T10:17:18","guid":{"rendered":"https:\/\/agora.xtec.cat\/ceippractiques2-lleida\/?p=5867"},"modified":"2022-12-06T21:28:55","modified_gmt":"2022-12-06T20:28:55","slug":"tallers-a-educacio-infantil","status":"publish","type":"post","link":"https:\/\/agora.xtec.cat\/ceippractiques2-lleida\/general\/tallers-a-educacio-infantil\/","title":{"rendered":"TALLERS A EDUCACI\u00d3 INFANTIL"},"content":{"rendered":"<p>Despr\u00e9s de dos cursos sense poder fer els tallers internivells&#8230; Ha arribat el moment d&#8217;engegar-los de nou amb molta il\u00b7lusi\u00f3 i moltes ganes de compartir amb tots els companys i companyes d&#8217;Educaci\u00f3 Infantil moments d&#8217;aprenentatge.<\/p>\n<p>Cada mat\u00ed de divendres, els nens i les nenes de P3, P4\u00a0 i P5 ens ajuntem per jugar i aprendre plegats amb les propostes que trobem en els 5 tallers que ens han preparat. Els tallers que estem fent s\u00f3n els seg\u00fcents: &#8220;<strong>Cubmetria<\/strong>&#8221; per descobrir tot el relacionat amb el cub i les formes geom\u00e8triques; &#8220;<strong>De poma a poma<\/strong>&#8221; on estem aprenent h\u00e0bits saludables d&#8217;alimentaci\u00f3; &#8220;<strong>Tot aigua<\/strong>&#8221; en el qual descobrim diferents propietats de l&#8217;aigua; &#8220;<strong>Reciclajoc<\/strong>&#8221; on ens endinsem en el m\u00f3n del reciclatge i podem fer una joguina amb material reciclat, i &#8220;<strong>Art urb\u00e0<\/strong>&#8221; on ens convertim en artistes urbans i fem les nostres obres d&#8217;art urb\u00e0.<\/p>\n<p>Ens ho estem passant d&#8217;all\u00f2 m\u00e9s b\u00e9 i us ho volem ensenyar amb algunes fotos.<\/p>\n<p>Cliqueu damunt de la imatge de cada grup per descobrir quin taller hem fet i quines activitats m\u00e9s engrescadores hem realitzat.<\/p>\n<p><a href=\"https:\/\/photos.app.goo.gl\/AYRhq87NZ1GaoXbc9\" target=\"_blank\" rel=\"noopener\"><img loading=\"lazy\" decoding=\"async\" class=\"aligncenter wp-image-5868 size-medium\" src=\"https:\/\/agora.xtec.cat\/ceippractiques2-lleida\/wp-content\/uploads\/usu635\/2022\/12\/Captura-de-pantalla-2022-12-02-a-las-17.54.54-300x270.png\" alt=\"\" width=\"300\" height=\"270\" srcset=\"https:\/\/agora.xtec.cat\/ceippractiques2-lleida\/wp-content\/uploads\/usu635\/2022\/12\/Captura-de-pantalla-2022-12-02-a-las-17.54.54-300x270.png 300w, https:\/\/agora.xtec.cat\/ceippractiques2-lleida\/wp-content\/uploads\/usu635\/2022\/12\/Captura-de-pantalla-2022-12-02-a-las-17.54.54.png 376w\" sizes=\"auto, (max-width: 300px) 100vw, 300px\" \/><\/a> <a href=\"https:\/\/photos.app.goo.gl\/HGainJMHBVM39ZQ56\" target=\"_blank\" rel=\"noopener\"><img loading=\"lazy\" decoding=\"async\" class=\"aligncenter wp-image-5869 size-medium\" src=\"https:\/\/agora.xtec.cat\/ceippractiques2-lleida\/wp-content\/uploads\/usu635\/2022\/12\/Captura-de-pantalla-2022-12-02-a-las-17.55.02-300x273.png\" alt=\"\" width=\"300\" height=\"273\" srcset=\"https:\/\/agora.xtec.cat\/ceippractiques2-lleida\/wp-content\/uploads\/usu635\/2022\/12\/Captura-de-pantalla-2022-12-02-a-las-17.55.02-300x273.png 300w, https:\/\/agora.xtec.cat\/ceippractiques2-lleida\/wp-content\/uploads\/usu635\/2022\/12\/Captura-de-pantalla-2022-12-02-a-las-17.55.02.png 372w\" sizes=\"auto, (max-width: 300px) 100vw, 300px\" \/><\/a> <a href=\"https:\/\/photos.app.goo.gl\/XJZjpUmiTUjr2NL96\" target=\"_blank\" rel=\"noopener\"><img loading=\"lazy\" decoding=\"async\" class=\"aligncenter wp-image-5871 size-medium\" src=\"https:\/\/agora.xtec.cat\/ceippractiques2-lleida\/wp-content\/uploads\/usu635\/2022\/12\/Captura-de-pantalla-2022-12-02-a-las-17.55.21-300x271.png\" alt=\"\" width=\"300\" height=\"271\" srcset=\"https:\/\/agora.xtec.cat\/ceippractiques2-lleida\/wp-content\/uploads\/usu635\/2022\/12\/Captura-de-pantalla-2022-12-02-a-las-17.55.21-300x271.png 300w, https:\/\/agora.xtec.cat\/ceippractiques2-lleida\/wp-content\/uploads\/usu635\/2022\/12\/Captura-de-pantalla-2022-12-02-a-las-17.55.21.png 372w\" sizes=\"auto, (max-width: 300px) 100vw, 300px\" \/><\/a><a href=\"https:\/\/photos.app.goo.gl\/1r7wwL6fuWwUvvjo9\" target=\"_blank\" rel=\"noopener\"><img loading=\"lazy\" decoding=\"async\" class=\"aligncenter wp-image-5870 size-medium\" src=\"https:\/\/agora.xtec.cat\/ceippractiques2-lleida\/wp-content\/uploads\/usu635\/2022\/12\/Captura-de-pantalla-2022-12-02-a-las-17.55.10-300x273.png\" alt=\"\" width=\"300\" height=\"273\" srcset=\"https:\/\/agora.xtec.cat\/ceippractiques2-lleida\/wp-content\/uploads\/usu635\/2022\/12\/Captura-de-pantalla-2022-12-02-a-las-17.55.10-300x273.png 300w, https:\/\/agora.xtec.cat\/ceippractiques2-lleida\/wp-content\/uploads\/usu635\/2022\/12\/Captura-de-pantalla-2022-12-02-a-las-17.55.10.png 372w\" sizes=\"auto, (max-width: 300px) 100vw, 300px\" \/><\/a> <a href=\"https:\/\/photos.app.goo.gl\/LbP4pr3TpxinfmbU6\" target=\"_blank\" rel=\"noopener\"><img loading=\"lazy\" decoding=\"async\" class=\"aligncenter wp-image-5872 size-medium\" src=\"https:\/\/agora.xtec.cat\/ceippractiques2-lleida\/wp-content\/uploads\/usu635\/2022\/12\/Captura-de-pantalla-2022-12-02-a-las-17.55.31-300x270.png\" alt=\"\" width=\"300\" height=\"270\" srcset=\"https:\/\/agora.xtec.cat\/ceippractiques2-lleida\/wp-content\/uploads\/usu635\/2022\/12\/Captura-de-pantalla-2022-12-02-a-las-17.55.31-300x270.png 300w, https:\/\/agora.xtec.cat\/ceippractiques2-lleida\/wp-content\/uploads\/usu635\/2022\/12\/Captura-de-pantalla-2022-12-02-a-las-17.55.31.png 376w\" sizes=\"auto, (max-width: 300px) 100vw, 300px\" \/><\/a><\/p>\n","protected":false},"excerpt":{"rendered":"<p>Despr\u00e9s de dos cursos sense poder fer els tallers internivells&#8230; Ha arribat el moment d&#8217;engegar-los de nou amb molta il\u00b7lusi\u00f3 i moltes ganes de compartir amb tots els companys i companyes d&#8217;Educaci\u00f3 Infantil moments d&#8217;aprenentatge.<br \/>\nCada mat\u00ed de divendres, els nens i les nenes de P3,&hellip;  <a href=\"https:\/\/agora.xtec.cat\/ceippractiques2-lleida\/general\/tallers-a-educacio-infantil\/\" title=\"Read TALLERS A EDUCACI\u00d3 INFANTIL\">Llegeix m\u00e9s\u00bb<\/a><\/p>\n","protected":false},"author":17,"featured_media":0,"comment_status":"open","ping_status":"closed","sticky":false,"template":"","format":"standard","meta":{"_bbp_topic_count":0,"_bbp_reply_count":0,"_bbp_total_topic_count":0,"_bbp_total_reply_count":0,"_bbp_voice_count":0,"_bbp_anonymous_reply_count":0,"_bbp_topic_count_hidden":0,"_bbp_reply_count_hidden":0,"_bbp_forum_subforum_count":0,"footnotes":""},"categories":[2,1,3,8,9,4,24],"tags":[],"class_list":["post-5867","post","type-post","status-publish","format-standard","hentry","category-infantil","category-general","category-i3","category-i4","category-i5","category-portada","category-tallers"],"post_mailing_queue_ids":[],"_links":{"self":[{"href":"https:\/\/agora.xtec.cat\/ceippractiques2-lleida\/wp-json\/wp\/v2\/posts\/5867","targetHints":{"allow":["GET"]}}],"collection":[{"href":"https:\/\/agora.xtec.cat\/ceippractiques2-lleida\/wp-json\/wp\/v2\/posts"}],"about":[{"href":"https:\/\/agora.xtec.cat\/ceippractiques2-lleida\/wp-json\/wp\/v2\/types\/post"}],"author":[{"embeddable":true,"href":"https:\/\/agora.xtec.cat\/ceippractiques2-lleida\/wp-json\/wp\/v2\/users\/17"}],"replies":[{"embeddable":true,"href":"https:\/\/agora.xtec.cat\/ceippractiques2-lleida\/wp-json\/wp\/v2\/comments?post=5867"}],"version-history":[{"count":3,"href":"https:\/\/agora.xtec.cat\/ceippractiques2-lleida\/wp-json\/wp\/v2\/posts\/5867\/revisions"}],"predecessor-version":[{"id":5886,"href":"https:\/\/agora.xtec.cat\/ceippractiques2-lleida\/wp-json\/wp\/v2\/posts\/5867\/revisions\/5886"}],"wp:attachment":[{"href":"https:\/\/agora.xtec.cat\/ceippractiques2-lleida\/wp-json\/wp\/v2\/media?parent=5867"}],"wp:term":[{"taxonomy":"category","embeddable":true,"href":"https:\/\/agora.xtec.cat\/ceippractiques2-lleida\/wp-json\/wp\/v2\/categories?post=5867"},{"taxonomy":"post_tag","embeddable":true,"href":"https:\/\/agora.xtec.cat\/ceippractiques2-lleida\/wp-json\/wp\/v2\/tags?post=5867"}],"curies":[{"name":"wp","href":"https:\/\/api.w.org\/{rel}","templated":true}]}}