{"id":5843,"date":"2022-11-22T13:00:07","date_gmt":"2022-11-22T12:00:07","guid":{"rendered":"https:\/\/agora.xtec.cat\/ceippractiques2-lleida\/?p=5843"},"modified":"2022-11-22T13:00:07","modified_gmt":"2022-11-22T12:00:07","slug":"4t-espluga-de-francoli","status":"publish","type":"post","link":"https:\/\/agora.xtec.cat\/ceippractiques2-lleida\/general\/4t-espluga-de-francoli\/","title":{"rendered":"4t ESPLUGA DE FRANCOL\u00cd"},"content":{"rendered":"<p>Fa uns dies, l\u2019alumnat de 4t vam visitar l\u2019Espluga de Francol\u00ed, concretament la cova de la Font Major i el museu de la vida rural.<\/p>\n<p>Durant la visita a la cova ens van explicar i mostrar com vivien els humans en l\u2019\u00e8poca del paleol\u00edtic i del neol\u00edtic, d\u2019aquesta manera s\u2019han refor\u00e7at els coneixements explicats a l\u2019aula d\u2019una forma m\u00e9s pr\u00e0ctica i entenedora. Aquest any amb novetats, ja que han descobert nous gravats i pintures dins de la cova.<\/p>\n<p>Durant la visita al museu de la vida rural, els infants han pogut entendre com era la vida del pag\u00e8s, les eines que utilitzaven i els productes que conreaven. Utilitzant audiovisuals i eines reals.<\/p>\n<p>En fi, que ens ho em passat molt b\u00e9 i hem apr\u00e8s molt\u00edssimes coses.<\/p>\n<figure class=\"figure wp-caption aligncenter\"><a href=\"https:\/\/photos.app.goo.gl\/9V3dd78hDa7xVZvL7\" target=\"_blank\" rel=\"noopener\"><img loading=\"lazy\" decoding=\"async\" class=\"wp-image-5844\" src=\"https:\/\/agora.xtec.cat\/ceippractiques2-lleida\/wp-content\/uploads\/usu635\/2022\/11\/coves_espluga_1cajuntamentesplugaf-300x128.jpg\" alt=\"\" width=\"347\" height=\"148\" srcset=\"https:\/\/agora.xtec.cat\/ceippractiques2-lleida\/wp-content\/uploads\/usu635\/2022\/11\/coves_espluga_1cajuntamentesplugaf-300x128.jpg 300w, https:\/\/agora.xtec.cat\/ceippractiques2-lleida\/wp-content\/uploads\/usu635\/2022\/11\/coves_espluga_1cajuntamentesplugaf.jpg 749w\" sizes=\"auto, (max-width: 347px) 100vw, 347px\" \/><\/a><figcaption class=\"wp-caption-text\">Clica les imatge per veure les fotografies<\/figcaption><\/figure>\n","protected":false},"excerpt":{"rendered":"<p>Fa uns dies, l\u2019alumnat de 4t vam visitar l\u2019Espluga de Francol\u00ed, concretament la cova de la Font Major i el museu de la vida rural.<br \/>\nDurant la visita a la cova ens van explicar i mostrar com vivien els humans en l\u2019\u00e8poca del paleol\u00edtic i del&hellip;  <a href=\"https:\/\/agora.xtec.cat\/ceippractiques2-lleida\/general\/4t-espluga-de-francoli\/\" title=\"Read 4t ESPLUGA DE FRANCOL\u00cd\">Llegeix m\u00e9s\u00bb<\/a><\/p>\n","protected":false},"author":1,"featured_media":5844,"comment_status":"open","ping_status":"closed","sticky":false,"template":"","format":"standard","meta":{"_bbp_topic_count":0,"_bbp_reply_count":0,"_bbp_total_topic_count":0,"_bbp_total_reply_count":0,"_bbp_voice_count":0,"_bbp_anonymous_reply_count":0,"_bbp_topic_count_hidden":0,"_bbp_reply_count_hidden":0,"_bbp_forum_subforum_count":0,"footnotes":""},"categories":[13,221,5,1,4],"tags":[66,69,71],"class_list":["post-5843","post","type-post","status-publish","format-standard","has-post-thumbnail","hentry","category-4t","category-cicle-mijta","category-primaria","category-general","category-portada","tag-cicle-mitja","tag-quart","tag-sortida"],"post_mailing_queue_ids":[],"_links":{"self":[{"href":"https:\/\/agora.xtec.cat\/ceippractiques2-lleida\/wp-json\/wp\/v2\/posts\/5843","targetHints":{"allow":["GET"]}}],"collection":[{"href":"https:\/\/agora.xtec.cat\/ceippractiques2-lleida\/wp-json\/wp\/v2\/posts"}],"about":[{"href":"https:\/\/agora.xtec.cat\/ceippractiques2-lleida\/wp-json\/wp\/v2\/types\/post"}],"author":[{"embeddable":true,"href":"https:\/\/agora.xtec.cat\/ceippractiques2-lleida\/wp-json\/wp\/v2\/users\/1"}],"replies":[{"embeddable":true,"href":"https:\/\/agora.xtec.cat\/ceippractiques2-lleida\/wp-json\/wp\/v2\/comments?post=5843"}],"version-history":[{"count":2,"href":"https:\/\/agora.xtec.cat\/ceippractiques2-lleida\/wp-json\/wp\/v2\/posts\/5843\/revisions"}],"predecessor-version":[{"id":5846,"href":"https:\/\/agora.xtec.cat\/ceippractiques2-lleida\/wp-json\/wp\/v2\/posts\/5843\/revisions\/5846"}],"wp:featuredmedia":[{"embeddable":true,"href":"https:\/\/agora.xtec.cat\/ceippractiques2-lleida\/wp-json\/wp\/v2\/media\/5844"}],"wp:attachment":[{"href":"https:\/\/agora.xtec.cat\/ceippractiques2-lleida\/wp-json\/wp\/v2\/media?parent=5843"}],"wp:term":[{"taxonomy":"category","embeddable":true,"href":"https:\/\/agora.xtec.cat\/ceippractiques2-lleida\/wp-json\/wp\/v2\/categories?post=5843"},{"taxonomy":"post_tag","embeddable":true,"href":"https:\/\/agora.xtec.cat\/ceippractiques2-lleida\/wp-json\/wp\/v2\/tags?post=5843"}],"curies":[{"name":"wp","href":"https:\/\/api.w.org\/{rel}","templated":true}]}}