{"id":5813,"date":"2022-11-22T12:20:05","date_gmt":"2022-11-22T11:20:05","guid":{"rendered":"https:\/\/agora.xtec.cat\/ceippractiques2-lleida\/?p=5813"},"modified":"2022-11-22T12:20:05","modified_gmt":"2022-11-22T11:20:05","slug":"els-elefants-i-les-girafes-treballant-lectoescriptura","status":"publish","type":"post","link":"https:\/\/agora.xtec.cat\/ceippractiques2-lleida\/general\/els-elefants-i-les-girafes-treballant-lectoescriptura\/","title":{"rendered":"ELS ELEFANTS I LES GIRAFES TREBALLANT LECTOESCRIPTURA"},"content":{"rendered":"<p>Bones fam\u00edlies, us presentem diferents activitats que els vostres fills\/es estan realitzant a l&#8217;aula. Com ja sabeu, el treball de la lectoescriptura no \u00e9s f\u00e0cil, i per aix\u00f2, una part d&#8217;aquests treballs, la fem jugant a descobrir les lletres, paraules i els sons de les lletres. Poc a poc, aquest treball ens ajudar\u00e0 en la tasca de la lectura.<\/p>\n<p>Voleu venir a jugar amb nosaltres? Vinga us animeu ha que en gaudiu tant com nosaltres.<\/p>\n<p><strong>\u00a0 \u00a0 \u00a0 \u00a0 \u00a0 \u00a0 \u00a0 \u00a0 \u00a0 \u00a0 \u00a0 \u00a0 \u00a0 \u00a0 TIRA DE SONS<\/strong><\/p>\n<p><a href=\"https:\/\/photos.app.goo.gl\/CeH45J9Yk9RApQXk6\"><img loading=\"lazy\" decoding=\"async\" class=\"alignnone wp-image-5814\" src=\"https:\/\/agora.xtec.cat\/ceippractiques2-lleida\/wp-content\/uploads\/usu635\/2022\/11\/VALERIA-ARTICLES-1024x576.jpg\" alt=\"\" width=\"161\" height=\"91\" srcset=\"https:\/\/agora.xtec.cat\/ceippractiques2-lleida\/wp-content\/uploads\/usu635\/2022\/11\/VALERIA-ARTICLES-1024x576.jpg 1024w, https:\/\/agora.xtec.cat\/ceippractiques2-lleida\/wp-content\/uploads\/usu635\/2022\/11\/VALERIA-ARTICLES-300x169.jpg 300w, https:\/\/agora.xtec.cat\/ceippractiques2-lleida\/wp-content\/uploads\/usu635\/2022\/11\/VALERIA-ARTICLES-768x432.jpg 768w, https:\/\/agora.xtec.cat\/ceippractiques2-lleida\/wp-content\/uploads\/usu635\/2022\/11\/VALERIA-ARTICLES-1536x864.jpg 1536w, https:\/\/agora.xtec.cat\/ceippractiques2-lleida\/wp-content\/uploads\/usu635\/2022\/11\/VALERIA-ARTICLES.jpg 1930w\" sizes=\"auto, (max-width: 161px) 100vw, 161px\" \/><\/a>\u00a0 \u00a0 <a href=\"https:\/\/photos.app.goo.gl\/LrhwVv9tUb94udTX8\"><img loading=\"lazy\" decoding=\"async\" class=\"alignnone wp-image-5816\" src=\"https:\/\/agora.xtec.cat\/ceippractiques2-lleida\/wp-content\/uploads\/usu635\/2022\/11\/NEN-ROSA-MARI-TIRA-DE-SONS-ARTICLES-1024x768.jpeg\" alt=\"\" width=\"129\" height=\"97\" srcset=\"https:\/\/agora.xtec.cat\/ceippractiques2-lleida\/wp-content\/uploads\/usu635\/2022\/11\/NEN-ROSA-MARI-TIRA-DE-SONS-ARTICLES-1024x768.jpeg 1024w, https:\/\/agora.xtec.cat\/ceippractiques2-lleida\/wp-content\/uploads\/usu635\/2022\/11\/NEN-ROSA-MARI-TIRA-DE-SONS-ARTICLES-300x225.jpeg 300w, https:\/\/agora.xtec.cat\/ceippractiques2-lleida\/wp-content\/uploads\/usu635\/2022\/11\/NEN-ROSA-MARI-TIRA-DE-SONS-ARTICLES-768x576.jpeg 768w, https:\/\/agora.xtec.cat\/ceippractiques2-lleida\/wp-content\/uploads\/usu635\/2022\/11\/NEN-ROSA-MARI-TIRA-DE-SONS-ARTICLES-1536x1152.jpeg 1536w, https:\/\/agora.xtec.cat\/ceippractiques2-lleida\/wp-content\/uploads\/usu635\/2022\/11\/NEN-ROSA-MARI-TIRA-DE-SONS-ARTICLES-200x150.jpeg 200w, https:\/\/agora.xtec.cat\/ceippractiques2-lleida\/wp-content\/uploads\/usu635\/2022\/11\/NEN-ROSA-MARI-TIRA-DE-SONS-ARTICLES.jpeg 1600w\" sizes=\"auto, (max-width: 129px) 100vw, 129px\" \/><\/a><\/p>\n<p><strong>\u00a0 \u00a0 RELACIONA PARAULA AMB IMATGE<\/strong><\/p>\n<p><a href=\"https:\/\/photos.app.goo.gl\/jC2szVHamfDsBCfa9\"><img loading=\"lazy\" decoding=\"async\" class=\"alignnone wp-image-5817\" src=\"https:\/\/agora.xtec.cat\/ceippractiques2-lleida\/wp-content\/uploads\/usu635\/2022\/11\/dayana-reduida-1024x576.jpg\" alt=\"\" width=\"144\" height=\"81\" srcset=\"https:\/\/agora.xtec.cat\/ceippractiques2-lleida\/wp-content\/uploads\/usu635\/2022\/11\/dayana-reduida-1024x576.jpg 1024w, https:\/\/agora.xtec.cat\/ceippractiques2-lleida\/wp-content\/uploads\/usu635\/2022\/11\/dayana-reduida-300x169.jpg 300w, https:\/\/agora.xtec.cat\/ceippractiques2-lleida\/wp-content\/uploads\/usu635\/2022\/11\/dayana-reduida-768x432.jpg 768w, https:\/\/agora.xtec.cat\/ceippractiques2-lleida\/wp-content\/uploads\/usu635\/2022\/11\/dayana-reduida-1536x864.jpg 1536w, https:\/\/agora.xtec.cat\/ceippractiques2-lleida\/wp-content\/uploads\/usu635\/2022\/11\/dayana-reduida.jpg 1930w\" sizes=\"auto, (max-width: 144px) 100vw, 144px\" \/>\u00a0\u00a0\u00a0 <\/a><a href=\"https:\/\/photos.app.goo.gl\/bi9NPsneyo1imxS19\"><img loading=\"lazy\" decoding=\"async\" class=\"alignnone wp-image-5818\" src=\"https:\/\/agora.xtec.cat\/ceippractiques2-lleida\/wp-content\/uploads\/usu635\/2022\/11\/MARTINA-REDUIDA.jpeg\" alt=\"\" width=\"116\" height=\"87\" srcset=\"https:\/\/agora.xtec.cat\/ceippractiques2-lleida\/wp-content\/uploads\/usu635\/2022\/11\/MARTINA-REDUIDA.jpeg 591w, https:\/\/agora.xtec.cat\/ceippractiques2-lleida\/wp-content\/uploads\/usu635\/2022\/11\/MARTINA-REDUIDA-300x225.jpeg 300w, https:\/\/agora.xtec.cat\/ceippractiques2-lleida\/wp-content\/uploads\/usu635\/2022\/11\/MARTINA-REDUIDA-200x150.jpeg 200w\" sizes=\"auto, (max-width: 116px) 100vw, 116px\" \/><\/a><\/p>\n<p><strong>\u00a0 \u00a0 \u00a0 \u00a0ORDENADA LES LLETRES<\/strong><\/p>\n<p><a href=\"https:\/\/photos.app.goo.gl\/qpeqVhZihXbv6pFc6\"><img loading=\"lazy\" decoding=\"async\" class=\"alignnone wp-image-5820\" src=\"https:\/\/agora.xtec.cat\/ceippractiques2-lleida\/wp-content\/uploads\/usu635\/2022\/11\/EMMA-REDUIDA-1024x576.jpg\" alt=\"\" width=\"173\" height=\"97\" srcset=\"https:\/\/agora.xtec.cat\/ceippractiques2-lleida\/wp-content\/uploads\/usu635\/2022\/11\/EMMA-REDUIDA-1024x576.jpg 1024w, https:\/\/agora.xtec.cat\/ceippractiques2-lleida\/wp-content\/uploads\/usu635\/2022\/11\/EMMA-REDUIDA-300x169.jpg 300w, https:\/\/agora.xtec.cat\/ceippractiques2-lleida\/wp-content\/uploads\/usu635\/2022\/11\/EMMA-REDUIDA-768x432.jpg 768w, https:\/\/agora.xtec.cat\/ceippractiques2-lleida\/wp-content\/uploads\/usu635\/2022\/11\/EMMA-REDUIDA-1536x864.jpg 1536w, https:\/\/agora.xtec.cat\/ceippractiques2-lleida\/wp-content\/uploads\/usu635\/2022\/11\/EMMA-REDUIDA.jpg 1930w\" sizes=\"auto, (max-width: 173px) 100vw, 173px\" \/>\u00a0\u00a0\u00a0 <\/a><a href=\"https:\/\/photos.app.goo.gl\/a3YruMhb2VRHHvYT9\"><img loading=\"lazy\" decoding=\"async\" class=\"alignnone wp-image-5821\" src=\"https:\/\/agora.xtec.cat\/ceippractiques2-lleida\/wp-content\/uploads\/usu635\/2022\/11\/AINET-REDUIDA.jpeg\" alt=\"\" width=\"85\" height=\"113\" srcset=\"https:\/\/agora.xtec.cat\/ceippractiques2-lleida\/wp-content\/uploads\/usu635\/2022\/11\/AINET-REDUIDA.jpeg 443w, https:\/\/agora.xtec.cat\/ceippractiques2-lleida\/wp-content\/uploads\/usu635\/2022\/11\/AINET-REDUIDA-225x300.jpeg 225w\" sizes=\"auto, (max-width: 85px) 100vw, 85px\" \/><\/a><\/p>\n<p>&nbsp;<\/p>\n","protected":false},"excerpt":{"rendered":"<p>Els alumnes dels Elefants i les Girafes, us presenten diferents activitats per treballar la lectoescriptura&hellip;  <a href=\"https:\/\/agora.xtec.cat\/ceippractiques2-lleida\/general\/els-elefants-i-les-girafes-treballant-lectoescriptura\/\" title=\"Read ELS ELEFANTS I LES GIRAFES TREBALLANT LECTOESCRIPTURA\">Llegeix m\u00e9s\u00bb<\/a><\/p>\n","protected":false},"author":22,"featured_media":5814,"comment_status":"open","ping_status":"closed","sticky":false,"template":"","format":"standard","meta":{"_bbp_topic_count":0,"_bbp_reply_count":0,"_bbp_total_topic_count":0,"_bbp_total_reply_count":0,"_bbp_voice_count":0,"_bbp_anonymous_reply_count":0,"_bbp_topic_count_hidden":0,"_bbp_reply_count_hidden":0,"_bbp_forum_subforum_count":0,"footnotes":""},"categories":[2,1,9,4],"tags":[],"class_list":["post-5813","post","type-post","status-publish","format-standard","has-post-thumbnail","hentry","category-infantil","category-general","category-i5","category-portada"],"post_mailing_queue_ids":[],"_links":{"self":[{"href":"https:\/\/agora.xtec.cat\/ceippractiques2-lleida\/wp-json\/wp\/v2\/posts\/5813","targetHints":{"allow":["GET"]}}],"collection":[{"href":"https:\/\/agora.xtec.cat\/ceippractiques2-lleida\/wp-json\/wp\/v2\/posts"}],"about":[{"href":"https:\/\/agora.xtec.cat\/ceippractiques2-lleida\/wp-json\/wp\/v2\/types\/post"}],"author":[{"embeddable":true,"href":"https:\/\/agora.xtec.cat\/ceippractiques2-lleida\/wp-json\/wp\/v2\/users\/22"}],"replies":[{"embeddable":true,"href":"https:\/\/agora.xtec.cat\/ceippractiques2-lleida\/wp-json\/wp\/v2\/comments?post=5813"}],"version-history":[{"count":3,"href":"https:\/\/agora.xtec.cat\/ceippractiques2-lleida\/wp-json\/wp\/v2\/posts\/5813\/revisions"}],"predecessor-version":[{"id":5842,"href":"https:\/\/agora.xtec.cat\/ceippractiques2-lleida\/wp-json\/wp\/v2\/posts\/5813\/revisions\/5842"}],"wp:featuredmedia":[{"embeddable":true,"href":"https:\/\/agora.xtec.cat\/ceippractiques2-lleida\/wp-json\/wp\/v2\/media\/5814"}],"wp:attachment":[{"href":"https:\/\/agora.xtec.cat\/ceippractiques2-lleida\/wp-json\/wp\/v2\/media?parent=5813"}],"wp:term":[{"taxonomy":"category","embeddable":true,"href":"https:\/\/agora.xtec.cat\/ceippractiques2-lleida\/wp-json\/wp\/v2\/categories?post=5813"},{"taxonomy":"post_tag","embeddable":true,"href":"https:\/\/agora.xtec.cat\/ceippractiques2-lleida\/wp-json\/wp\/v2\/tags?post=5813"}],"curies":[{"name":"wp","href":"https:\/\/api.w.org\/{rel}","templated":true}]}}