{"id":5776,"date":"2022-11-10T13:35:04","date_gmt":"2022-11-10T12:35:04","guid":{"rendered":"https:\/\/agora.xtec.cat\/ceippractiques2-lleida\/?p=5776"},"modified":"2022-11-10T13:35:04","modified_gmt":"2022-11-10T12:35:04","slug":"al-cicle-inicial-ens-visita-una-fisioterapeuta","status":"publish","type":"post","link":"https:\/\/agora.xtec.cat\/ceippractiques2-lleida\/general\/al-cicle-inicial-ens-visita-una-fisioterapeuta\/","title":{"rendered":"AL CICLE INICIAL ENS VISITA UNA FISIOTERAPEUTA"},"content":{"rendered":"<p>Al cicle inicial estem treballant el cos i per aprofundir en alguns aspectes de salut, el dimecres dia 2 de novembre ens va venir a fer una xerrada l&#8217;Eva, una fisioterapeuta que treballa a l&#8217;Hospital Santa Maria i al CAP 11 de setembre.<\/p>\n<p>Ens va donar alguns consells per la nostra higiene postural per poder fer una prevenci\u00f3 i fer-nos conscients d&#8217;alguns mals h\u00e0bits que ens evitaran mal d&#8217;esquena. Com per exemple, seure b\u00e9 a classe, portar b\u00e9 la motxilla, aixecar-se b\u00e9 del llit&#8230;<\/p>\n<p>Va ser molt enriquidor!<\/p>\n<p>(Podeu veure algunes fotografies fent clic a la imatge.)<\/p>\n<p><a href=\"https:\/\/drive.google.com\/drive\/folders\/1-4u9SenNTtkS583FXhq7RRw67FHYTzOZ?usp=share_link\"><img loading=\"lazy\" decoding=\"async\" class=\"alignnone size-large wp-image-5799\" src=\"https:\/\/agora.xtec.cat\/ceippractiques2-lleida\/wp-content\/uploads\/usu635\/2022\/11\/XERRADA-DE-SALUT-1-1024x726.jpg\" alt=\"\" width=\"1024\" height=\"726\" srcset=\"https:\/\/agora.xtec.cat\/ceippractiques2-lleida\/wp-content\/uploads\/usu635\/2022\/11\/XERRADA-DE-SALUT-1-1024x726.jpg 1024w, https:\/\/agora.xtec.cat\/ceippractiques2-lleida\/wp-content\/uploads\/usu635\/2022\/11\/XERRADA-DE-SALUT-1-300x213.jpg 300w, https:\/\/agora.xtec.cat\/ceippractiques2-lleida\/wp-content\/uploads\/usu635\/2022\/11\/XERRADA-DE-SALUT-1-768x545.jpg 768w, https:\/\/agora.xtec.cat\/ceippractiques2-lleida\/wp-content\/uploads\/usu635\/2022\/11\/XERRADA-DE-SALUT-1-1536x1090.jpg 1536w, https:\/\/agora.xtec.cat\/ceippractiques2-lleida\/wp-content\/uploads\/usu635\/2022\/11\/XERRADA-DE-SALUT-1.jpg 1748w\" sizes=\"auto, (max-width: 1024px) 100vw, 1024px\" \/><\/a><\/p>\n","protected":false},"excerpt":{"rendered":"<p>Al cicle inicial estem treballant el cos i per aprofundir en alguns aspectes de salut, el dimecres dia 2 de novembre ens va venir a fer una xerrada l&#8217;Eva, una fisioterapeuta que treballa a l&#8217;Hospital Santa Maria i al CAP 11 de setembre.<br \/>\nEns va donar&hellip;  <a href=\"https:\/\/agora.xtec.cat\/ceippractiques2-lleida\/general\/al-cicle-inicial-ens-visita-una-fisioterapeuta\/\" title=\"Read AL CICLE INICIAL ENS VISITA UNA FISIOTERAPEUTA\">Llegeix m\u00e9s\u00bb<\/a><\/p>\n","protected":false},"author":23,"featured_media":0,"comment_status":"open","ping_status":"closed","sticky":false,"template":"","format":"standard","meta":{"_bbp_topic_count":0,"_bbp_reply_count":0,"_bbp_total_topic_count":0,"_bbp_total_reply_count":0,"_bbp_voice_count":0,"_bbp_anonymous_reply_count":0,"_bbp_topic_count_hidden":0,"_bbp_reply_count_hidden":0,"_bbp_forum_subforum_count":0,"footnotes":""},"categories":[10,11,215,5,1,4,37],"tags":[],"class_list":["post-5776","post","type-post","status-publish","format-standard","hentry","category-1r","category-2n","category-cicle-inicial","category-primaria","category-general","category-portada","category-salut"],"post_mailing_queue_ids":[],"_links":{"self":[{"href":"https:\/\/agora.xtec.cat\/ceippractiques2-lleida\/wp-json\/wp\/v2\/posts\/5776","targetHints":{"allow":["GET"]}}],"collection":[{"href":"https:\/\/agora.xtec.cat\/ceippractiques2-lleida\/wp-json\/wp\/v2\/posts"}],"about":[{"href":"https:\/\/agora.xtec.cat\/ceippractiques2-lleida\/wp-json\/wp\/v2\/types\/post"}],"author":[{"embeddable":true,"href":"https:\/\/agora.xtec.cat\/ceippractiques2-lleida\/wp-json\/wp\/v2\/users\/23"}],"replies":[{"embeddable":true,"href":"https:\/\/agora.xtec.cat\/ceippractiques2-lleida\/wp-json\/wp\/v2\/comments?post=5776"}],"version-history":[{"count":3,"href":"https:\/\/agora.xtec.cat\/ceippractiques2-lleida\/wp-json\/wp\/v2\/posts\/5776\/revisions"}],"predecessor-version":[{"id":5800,"href":"https:\/\/agora.xtec.cat\/ceippractiques2-lleida\/wp-json\/wp\/v2\/posts\/5776\/revisions\/5800"}],"wp:attachment":[{"href":"https:\/\/agora.xtec.cat\/ceippractiques2-lleida\/wp-json\/wp\/v2\/media?parent=5776"}],"wp:term":[{"taxonomy":"category","embeddable":true,"href":"https:\/\/agora.xtec.cat\/ceippractiques2-lleida\/wp-json\/wp\/v2\/categories?post=5776"},{"taxonomy":"post_tag","embeddable":true,"href":"https:\/\/agora.xtec.cat\/ceippractiques2-lleida\/wp-json\/wp\/v2\/tags?post=5776"}],"curies":[{"name":"wp","href":"https:\/\/api.w.org\/{rel}","templated":true}]}}