{"id":5766,"date":"2022-11-03T16:26:17","date_gmt":"2022-11-03T15:26:17","guid":{"rendered":"https:\/\/agora.xtec.cat\/ceippractiques2-lleida\/?p=5766"},"modified":"2022-11-03T16:26:17","modified_gmt":"2022-11-03T15:26:17","slug":"3r-visita-verdu","status":"publish","type":"post","link":"https:\/\/agora.xtec.cat\/ceippractiques2-lleida\/general\/3r-visita-verdu\/","title":{"rendered":"3r VISITA VERD\u00da"},"content":{"rendered":"<p>L&#8217;alumnat de 3r ens ho vam passar molt b\u00e9 a Verd\u00fa.<\/p>\n<p>Vam visitar el seu castell i ens va sorprendre molt la seva hist\u00f2ria. Ens va faltar pujar a la torre, per\u00f2 la guia ens va dir que podiem tornar els caps de setmana amb la familia.<\/p>\n<p>Tot seguit, vam anar a realitzar un taller de fang i vam aprendre com \u00e9s l&#8217;ofici de terrissaire! Quines xulades d&#8217;obres d&#8217;art que vam fer!<\/p>\n<p>Mireu algunes fotografies de la sortida clicant <a href=\"https:\/\/photos.app.goo.gl\/FpdZe1avfsDVQ37k6\" target=\"_blank\" rel=\"noopener\">AQUI<\/a><\/p>\n","protected":false},"excerpt":{"rendered":"<p>L&#8217;alumnat de 3r ens ho vam passar molt b\u00e9 a Verd\u00fa.<br \/>\nVam visitar el seu castell i ens va sorprendre molt la seva hist\u00f2ria. Ens va faltar pujar a la torre, per\u00f2 la guia ens va dir que podiem tornar els caps de setmana amb la&hellip;  <a href=\"https:\/\/agora.xtec.cat\/ceippractiques2-lleida\/general\/3r-visita-verdu\/\" title=\"Read 3r VISITA VERD\u00da\">Llegeix m\u00e9s\u00bb<\/a><\/p>\n","protected":false},"author":1,"featured_media":0,"comment_status":"open","ping_status":"closed","sticky":false,"template":"","format":"standard","meta":{"_bbp_topic_count":0,"_bbp_reply_count":0,"_bbp_total_topic_count":0,"_bbp_total_reply_count":0,"_bbp_voice_count":0,"_bbp_anonymous_reply_count":0,"_bbp_topic_count_hidden":0,"_bbp_reply_count_hidden":0,"_bbp_forum_subforum_count":0,"footnotes":""},"categories":[12,221,5,1,4],"tags":[66,71,16,72],"class_list":["post-5766","post","type-post","status-publish","format-standard","hentry","category-3r","category-cicle-mijta","category-primaria","category-general","category-portada","tag-cicle-mitja","tag-sortida","tag-sortides","tag-tercer"],"post_mailing_queue_ids":[],"_links":{"self":[{"href":"https:\/\/agora.xtec.cat\/ceippractiques2-lleida\/wp-json\/wp\/v2\/posts\/5766","targetHints":{"allow":["GET"]}}],"collection":[{"href":"https:\/\/agora.xtec.cat\/ceippractiques2-lleida\/wp-json\/wp\/v2\/posts"}],"about":[{"href":"https:\/\/agora.xtec.cat\/ceippractiques2-lleida\/wp-json\/wp\/v2\/types\/post"}],"author":[{"embeddable":true,"href":"https:\/\/agora.xtec.cat\/ceippractiques2-lleida\/wp-json\/wp\/v2\/users\/1"}],"replies":[{"embeddable":true,"href":"https:\/\/agora.xtec.cat\/ceippractiques2-lleida\/wp-json\/wp\/v2\/comments?post=5766"}],"version-history":[{"count":1,"href":"https:\/\/agora.xtec.cat\/ceippractiques2-lleida\/wp-json\/wp\/v2\/posts\/5766\/revisions"}],"predecessor-version":[{"id":5767,"href":"https:\/\/agora.xtec.cat\/ceippractiques2-lleida\/wp-json\/wp\/v2\/posts\/5766\/revisions\/5767"}],"wp:attachment":[{"href":"https:\/\/agora.xtec.cat\/ceippractiques2-lleida\/wp-json\/wp\/v2\/media?parent=5766"}],"wp:term":[{"taxonomy":"category","embeddable":true,"href":"https:\/\/agora.xtec.cat\/ceippractiques2-lleida\/wp-json\/wp\/v2\/categories?post=5766"},{"taxonomy":"post_tag","embeddable":true,"href":"https:\/\/agora.xtec.cat\/ceippractiques2-lleida\/wp-json\/wp\/v2\/tags?post=5766"}],"curies":[{"name":"wp","href":"https:\/\/api.w.org\/{rel}","templated":true}]}}