{"id":5747,"date":"2022-10-24T14:56:31","date_gmt":"2022-10-24T12:56:31","guid":{"rendered":"https:\/\/agora.xtec.cat\/ceippractiques2-lleida\/?p=5747"},"modified":"2022-10-24T14:56:31","modified_gmt":"2022-10-24T12:56:31","slug":"el-cicle-inicial-anem-al-teatre","status":"publish","type":"post","link":"https:\/\/agora.xtec.cat\/ceippractiques2-lleida\/portada\/el-cicle-inicial-anem-al-teatre\/","title":{"rendered":"EL CICLE INICIAL ANEM AL TEATRE!"},"content":{"rendered":"<p>Els nens i nenes de 1r i 2n hem anat al teatre de l&#8217;Escorxador. Hem anat a veure una obra de teatre de la companyia La Pera Llimonera. Un vestit per l&#8217;emperador, \u00e9s una obra que ens transporta en una hist\u00f2ria, on un emperador presuntu\u00f3s, busca el vestit m\u00e9s especial de la hist\u00f2ria. Creieu que el trobar\u00e0?&#8230;<\/p>\n<p>&nbsp;<\/p>\n<p>Els nens i nenes de cicle inicial van gaudir del desenlla\u00e7 d&#8217;aquesta hist\u00f2ria.<\/p>\n<p>&nbsp;<\/p>\n<p><a href=\"https:\/\/drive.google.com\/drive\/folders\/1Za-t9WOgEdYFDsHbH921E13FuGmCu6fm\"><img loading=\"lazy\" decoding=\"async\" class=\"alignnone size-large wp-image-5753\" src=\"https:\/\/agora.xtec.cat\/ceippractiques2-lleida\/wp-content\/uploads\/usu635\/2022\/10\/IMG-5366-1024x768.jpg\" alt=\"\" width=\"1024\" height=\"768\" srcset=\"https:\/\/agora.xtec.cat\/ceippractiques2-lleida\/wp-content\/uploads\/usu635\/2022\/10\/IMG-5366-1024x768.jpg 1024w, https:\/\/agora.xtec.cat\/ceippractiques2-lleida\/wp-content\/uploads\/usu635\/2022\/10\/IMG-5366-300x225.jpg 300w, https:\/\/agora.xtec.cat\/ceippractiques2-lleida\/wp-content\/uploads\/usu635\/2022\/10\/IMG-5366-768x576.jpg 768w, https:\/\/agora.xtec.cat\/ceippractiques2-lleida\/wp-content\/uploads\/usu635\/2022\/10\/IMG-5366-1536x1152.jpg 1536w, https:\/\/agora.xtec.cat\/ceippractiques2-lleida\/wp-content\/uploads\/usu635\/2022\/10\/IMG-5366-2048x1536.jpg 2048w, https:\/\/agora.xtec.cat\/ceippractiques2-lleida\/wp-content\/uploads\/usu635\/2022\/10\/IMG-5366-200x150.jpg 200w\" sizes=\"auto, (max-width: 1024px) 100vw, 1024px\" \/><\/a><\/p>\n","protected":false},"excerpt":{"rendered":"<p>Els nens i nenes de 1r i 2n hem anat al teatre de l&#8217;Escorxador. Hem anat a veure una obra de teatre de la companyia La Pera Llimonera. Un vestit per l&#8217;emperador, \u00e9s una obra que ens transporta en una hist\u00f2ria, on un emperador presuntu\u00f3s,&hellip;  <a href=\"https:\/\/agora.xtec.cat\/ceippractiques2-lleida\/portada\/el-cicle-inicial-anem-al-teatre\/\" title=\"Read EL CICLE INICIAL ANEM AL TEATRE!\">Llegeix m\u00e9s\u00bb<\/a><\/p>\n","protected":false},"author":23,"featured_media":0,"comment_status":"open","ping_status":"closed","sticky":false,"template":"","format":"standard","meta":{"_bbp_topic_count":0,"_bbp_reply_count":0,"_bbp_total_topic_count":0,"_bbp_total_reply_count":0,"_bbp_voice_count":0,"_bbp_anonymous_reply_count":0,"_bbp_topic_count_hidden":0,"_bbp_reply_count_hidden":0,"_bbp_forum_subforum_count":0,"footnotes":""},"categories":[10,11,215,5,4],"tags":[],"class_list":["post-5747","post","type-post","status-publish","format-standard","hentry","category-1r","category-2n","category-cicle-inicial","category-primaria","category-portada"],"post_mailing_queue_ids":[],"_links":{"self":[{"href":"https:\/\/agora.xtec.cat\/ceippractiques2-lleida\/wp-json\/wp\/v2\/posts\/5747","targetHints":{"allow":["GET"]}}],"collection":[{"href":"https:\/\/agora.xtec.cat\/ceippractiques2-lleida\/wp-json\/wp\/v2\/posts"}],"about":[{"href":"https:\/\/agora.xtec.cat\/ceippractiques2-lleida\/wp-json\/wp\/v2\/types\/post"}],"author":[{"embeddable":true,"href":"https:\/\/agora.xtec.cat\/ceippractiques2-lleida\/wp-json\/wp\/v2\/users\/23"}],"replies":[{"embeddable":true,"href":"https:\/\/agora.xtec.cat\/ceippractiques2-lleida\/wp-json\/wp\/v2\/comments?post=5747"}],"version-history":[{"count":2,"href":"https:\/\/agora.xtec.cat\/ceippractiques2-lleida\/wp-json\/wp\/v2\/posts\/5747\/revisions"}],"predecessor-version":[{"id":5755,"href":"https:\/\/agora.xtec.cat\/ceippractiques2-lleida\/wp-json\/wp\/v2\/posts\/5747\/revisions\/5755"}],"wp:attachment":[{"href":"https:\/\/agora.xtec.cat\/ceippractiques2-lleida\/wp-json\/wp\/v2\/media?parent=5747"}],"wp:term":[{"taxonomy":"category","embeddable":true,"href":"https:\/\/agora.xtec.cat\/ceippractiques2-lleida\/wp-json\/wp\/v2\/categories?post=5747"},{"taxonomy":"post_tag","embeddable":true,"href":"https:\/\/agora.xtec.cat\/ceippractiques2-lleida\/wp-json\/wp\/v2\/tags?post=5747"}],"curies":[{"name":"wp","href":"https:\/\/api.w.org\/{rel}","templated":true}]}}