{"id":5735,"date":"2022-10-20T12:16:51","date_gmt":"2022-10-20T10:16:51","guid":{"rendered":"https:\/\/agora.xtec.cat\/ceippractiques2-lleida\/?p=5735"},"modified":"2022-10-20T12:16:51","modified_gmt":"2022-10-20T10:16:51","slug":"els-elefants-i-les-girafes-ja-son-a-p5","status":"publish","type":"post","link":"https:\/\/agora.xtec.cat\/ceippractiques2-lleida\/general\/els-elefants-i-les-girafes-ja-son-a-p5\/","title":{"rendered":"ELS ELEFANTS I LES GIRAFES JA S\u00d3N A P5."},"content":{"rendered":"<p>Els\u00a0 nens i nenes de P5, les Girafes i els Elefants us donen la benvinguda al nou curs escolar.<\/p>\n<p>Aquest curs ja som grans, els m\u00e9s gran d&#8217;Educaci\u00f3 Infantil. Hem iniciat el curs amb moltes ganes i il\u00b7lusi\u00f3. En aquest petit article us deixem una petita mostra del treball manipulatiu que estem iniciant en matem\u00e0tiques. Durant el primer trimestre comencem amb activats f\u00e0cils (recordatori del treball manipulatiu que vam fer el curs passat) poc a poc la dificultat anir\u00e0 augmentant.<\/p>\n<p>Ho voleu veure i gaudir plegat?? Som-hi<\/p>\n<p><strong>\u00a0 \u00a0 \u00a0 \u00a0 \u00a0 \u00a0 GIRAFES\u00a0 \u00a0 \u00a0 \u00a0 \u00a0 \u00a0 \u00a0 \u00a0 \u00a0 \u00a0 \u00a0 \u00a0 \u00a0 \u00a0 \u00a0 \u00a0 \u00a0 \u00a0 \u00a0 \u00a0 \u00a0 \u00a0 \u00a0 \u00a0 \u00a0 \u00a0 \u00a0 \u00a0 \u00a0 \u00a0 \u00a0 \u00a0 \u00a0 \u00a0 ELEFANTS<\/strong><\/p>\n<p><a href=\"https:\/\/photos.app.goo.gl\/4aezFXotcjhpktWt7\"><img loading=\"lazy\" decoding=\"async\" class=\"alignnone wp-image-5737\" src=\"https:\/\/agora.xtec.cat\/ceippractiques2-lleida\/wp-content\/uploads\/usu635\/2022\/10\/WhatsApp-Image-2022-10-05-at-18.03.51-1024x768.jpeg\" alt=\"\" width=\"197\" height=\"148\" srcset=\"https:\/\/agora.xtec.cat\/ceippractiques2-lleida\/wp-content\/uploads\/usu635\/2022\/10\/WhatsApp-Image-2022-10-05-at-18.03.51-1024x768.jpeg 1024w, https:\/\/agora.xtec.cat\/ceippractiques2-lleida\/wp-content\/uploads\/usu635\/2022\/10\/WhatsApp-Image-2022-10-05-at-18.03.51-300x225.jpeg 300w, https:\/\/agora.xtec.cat\/ceippractiques2-lleida\/wp-content\/uploads\/usu635\/2022\/10\/WhatsApp-Image-2022-10-05-at-18.03.51-768x576.jpeg 768w, https:\/\/agora.xtec.cat\/ceippractiques2-lleida\/wp-content\/uploads\/usu635\/2022\/10\/WhatsApp-Image-2022-10-05-at-18.03.51-1536x1152.jpeg 1536w, https:\/\/agora.xtec.cat\/ceippractiques2-lleida\/wp-content\/uploads\/usu635\/2022\/10\/WhatsApp-Image-2022-10-05-at-18.03.51-200x150.jpeg 200w, https:\/\/agora.xtec.cat\/ceippractiques2-lleida\/wp-content\/uploads\/usu635\/2022\/10\/WhatsApp-Image-2022-10-05-at-18.03.51.jpeg 2000w\" sizes=\"auto, (max-width: 197px) 100vw, 197px\" \/> \u00a0 \u00a0 \u00a0 \u00a0 \u00a0 \u00a0 \u00a0 \u00a0 \u00a0 \u00a0 \u00a0 \u00a0 \u00a0 \u00a0 \u00a0 \u00a0 \u00a0 \u00a0 \u00a0 \u00a0 <\/a><a href=\"https:\/\/photos.app.goo.gl\/Ht4fLpFvTm9uRwLy5\"><img loading=\"lazy\" decoding=\"async\" class=\"alignnone wp-image-5738\" src=\"https:\/\/agora.xtec.cat\/ceippractiques2-lleida\/wp-content\/uploads\/usu635\/2022\/10\/20221006_160916.jpg\" alt=\"\" width=\"268\" height=\"150\" srcset=\"https:\/\/agora.xtec.cat\/ceippractiques2-lleida\/wp-content\/uploads\/usu635\/2022\/10\/20221006_160916.jpg 750w, https:\/\/agora.xtec.cat\/ceippractiques2-lleida\/wp-content\/uploads\/usu635\/2022\/10\/20221006_160916-300x168.jpg 300w\" sizes=\"auto, (max-width: 268px) 100vw, 268px\" \/><\/a><\/p>\n","protected":false},"excerpt":{"rendered":"<p>Els\u00a0 nens i nenes de P5, les Girafes i els Elefants us donen la benvinguda al nou curs escolar.<br \/>\nAquest curs ja som grans, els m\u00e9s gran d&#8217;Educaci\u00f3 Infantil. Hem iniciat el curs amb moltes ganes i il\u00b7lusi\u00f3. En aquest petit article us deixem una petita&hellip;  <a href=\"https:\/\/agora.xtec.cat\/ceippractiques2-lleida\/general\/els-elefants-i-les-girafes-ja-son-a-p5\/\" title=\"Read ELS ELEFANTS I LES GIRAFES JA S\u00d3N A P5.\">Llegeix m\u00e9s\u00bb<\/a><\/p>\n","protected":false},"author":22,"featured_media":0,"comment_status":"open","ping_status":"closed","sticky":false,"template":"","format":"standard","meta":{"_bbp_topic_count":0,"_bbp_reply_count":0,"_bbp_total_topic_count":0,"_bbp_total_reply_count":0,"_bbp_voice_count":0,"_bbp_anonymous_reply_count":0,"_bbp_topic_count_hidden":0,"_bbp_reply_count_hidden":0,"_bbp_forum_subforum_count":0,"footnotes":""},"categories":[2,1,9,4],"tags":[],"class_list":["post-5735","post","type-post","status-publish","format-standard","hentry","category-infantil","category-general","category-i5","category-portada"],"post_mailing_queue_ids":[],"_links":{"self":[{"href":"https:\/\/agora.xtec.cat\/ceippractiques2-lleida\/wp-json\/wp\/v2\/posts\/5735","targetHints":{"allow":["GET"]}}],"collection":[{"href":"https:\/\/agora.xtec.cat\/ceippractiques2-lleida\/wp-json\/wp\/v2\/posts"}],"about":[{"href":"https:\/\/agora.xtec.cat\/ceippractiques2-lleida\/wp-json\/wp\/v2\/types\/post"}],"author":[{"embeddable":true,"href":"https:\/\/agora.xtec.cat\/ceippractiques2-lleida\/wp-json\/wp\/v2\/users\/22"}],"replies":[{"embeddable":true,"href":"https:\/\/agora.xtec.cat\/ceippractiques2-lleida\/wp-json\/wp\/v2\/comments?post=5735"}],"version-history":[{"count":3,"href":"https:\/\/agora.xtec.cat\/ceippractiques2-lleida\/wp-json\/wp\/v2\/posts\/5735\/revisions"}],"predecessor-version":[{"id":5745,"href":"https:\/\/agora.xtec.cat\/ceippractiques2-lleida\/wp-json\/wp\/v2\/posts\/5735\/revisions\/5745"}],"wp:attachment":[{"href":"https:\/\/agora.xtec.cat\/ceippractiques2-lleida\/wp-json\/wp\/v2\/media?parent=5735"}],"wp:term":[{"taxonomy":"category","embeddable":true,"href":"https:\/\/agora.xtec.cat\/ceippractiques2-lleida\/wp-json\/wp\/v2\/categories?post=5735"},{"taxonomy":"post_tag","embeddable":true,"href":"https:\/\/agora.xtec.cat\/ceippractiques2-lleida\/wp-json\/wp\/v2\/tags?post=5735"}],"curies":[{"name":"wp","href":"https:\/\/api.w.org\/{rel}","templated":true}]}}