{"id":5718,"date":"2022-10-07T22:44:53","date_gmt":"2022-10-07T20:44:53","guid":{"rendered":"https:\/\/agora.xtec.cat\/ceippractiques2-lleida\/?p=5718"},"modified":"2022-10-07T22:48:43","modified_gmt":"2022-10-07T20:48:43","slug":"6e-va-de-sortida-al-caixaforum","status":"publish","type":"post","link":"https:\/\/agora.xtec.cat\/ceippractiques2-lleida\/general\/6e-va-de-sortida-al-caixaforum\/","title":{"rendered":"6\u00e8 VA DE SORTIDA AL CAIXAFORUM"},"content":{"rendered":"<p>El passat 4\u00a0 i 6 d&#8217;octubre els nens i nenes de 6\u00e8 van anar d&#8217;excursi\u00f3 al Caixaforum a fer un taller molt interessant sobre l&#8217;energia.\u00a0 Al taller d\u2019energia vam descobrir com el concepte d&#8217;energia esta present en el nostre dia a dia. A m\u00e9s, a partir de diferents experiments vam aprendre a distingir diferents tipus d\u2019energia i les seves trasformacions: energia qu\u00edmica, el\u00e0stica, cin\u00e8tica, t\u00e8rmica, lluminosa, el\u00e8ctrica,..<br \/>\nVam poder aprendre molt per\u00f2 tamb\u00e9 vam poder reflexionar sobre la import\u00e0ncia de fer un \u00fas responsable.<br \/>\nSabeu qu\u00e8 ens va quedar clar? Doncs que l&#8217;energia no es crea ni es destrueix, es transforma!<\/p>\n<p>Si cliqueu sobre les imatges hi trobareu un recull de fotografies de la nostra sortida!<\/p>\n<p><a href=\"https:\/\/photos.app.goo.gl\/ASVNUnfV24uCo5A98\" target=\"_blank\" rel=\"noopener\"><img loading=\"lazy\" decoding=\"async\" class=\"wp-image-5719 aligncenter\" src=\"https:\/\/agora.xtec.cat\/ceippractiques2-lleida\/wp-content\/uploads\/usu635\/2022\/10\/20221004_1113371-1024x768.jpg\" alt=\"\" width=\"570\" height=\"428\" srcset=\"https:\/\/agora.xtec.cat\/ceippractiques2-lleida\/wp-content\/uploads\/usu635\/2022\/10\/20221004_1113371-1024x768.jpg 1024w, https:\/\/agora.xtec.cat\/ceippractiques2-lleida\/wp-content\/uploads\/usu635\/2022\/10\/20221004_1113371-300x225.jpg 300w, https:\/\/agora.xtec.cat\/ceippractiques2-lleida\/wp-content\/uploads\/usu635\/2022\/10\/20221004_1113371-768x576.jpg 768w, https:\/\/agora.xtec.cat\/ceippractiques2-lleida\/wp-content\/uploads\/usu635\/2022\/10\/20221004_1113371-1536x1152.jpg 1536w, https:\/\/agora.xtec.cat\/ceippractiques2-lleida\/wp-content\/uploads\/usu635\/2022\/10\/20221004_1113371-2048x1536.jpg 2048w, https:\/\/agora.xtec.cat\/ceippractiques2-lleida\/wp-content\/uploads\/usu635\/2022\/10\/20221004_1113371-200x150.jpg 200w\" sizes=\"auto, (max-width: 570px) 100vw, 570px\" \/><\/a><\/p>\n<p><a href=\"https:\/\/photos.app.goo.gl\/ASVNUnfV24uCo5A98\" target=\"_blank\" rel=\"noopener\"><img loading=\"lazy\" decoding=\"async\" class=\"wp-image-5721 aligncenter\" src=\"https:\/\/agora.xtec.cat\/ceippractiques2-lleida\/wp-content\/uploads\/usu635\/2022\/10\/definitiva-1-6a-1024x768.jpg\" alt=\"\" width=\"575\" height=\"431\" srcset=\"https:\/\/agora.xtec.cat\/ceippractiques2-lleida\/wp-content\/uploads\/usu635\/2022\/10\/definitiva-1-6a-1024x768.jpg 1024w, https:\/\/agora.xtec.cat\/ceippractiques2-lleida\/wp-content\/uploads\/usu635\/2022\/10\/definitiva-1-6a-300x225.jpg 300w, https:\/\/agora.xtec.cat\/ceippractiques2-lleida\/wp-content\/uploads\/usu635\/2022\/10\/definitiva-1-6a-768x576.jpg 768w, https:\/\/agora.xtec.cat\/ceippractiques2-lleida\/wp-content\/uploads\/usu635\/2022\/10\/definitiva-1-6a-1536x1152.jpg 1536w, https:\/\/agora.xtec.cat\/ceippractiques2-lleida\/wp-content\/uploads\/usu635\/2022\/10\/definitiva-1-6a-2048x1536.jpg 2048w, https:\/\/agora.xtec.cat\/ceippractiques2-lleida\/wp-content\/uploads\/usu635\/2022\/10\/definitiva-1-6a-200x150.jpg 200w\" sizes=\"auto, (max-width: 575px) 100vw, 575px\" \/><\/a><\/p>\n","protected":false},"excerpt":{"rendered":"<p>El passat 4\u00a0 i 6 d&#8217;octubre els nens i nenes de 6\u00e8 van anar d&#8217;excursi\u00f3 al Caixaforum a fer un taller molt interessant sobre l&#8217;energia.\u00a0 Al taller d\u2019energia vam descobrir com el concepte d&#8217;energia esta present en el nostre dia a dia. A m\u00e9s, a&hellip;  <a href=\"https:\/\/agora.xtec.cat\/ceippractiques2-lleida\/general\/6e-va-de-sortida-al-caixaforum\/\" title=\"Read 6\u00e8 VA DE SORTIDA AL CAIXAFORUM\">Llegeix m\u00e9s\u00bb<\/a><\/p>\n","protected":false},"author":16,"featured_media":5722,"comment_status":"open","ping_status":"closed","sticky":false,"template":"","format":"standard","meta":{"_bbp_topic_count":0,"_bbp_reply_count":0,"_bbp_total_topic_count":0,"_bbp_total_reply_count":0,"_bbp_voice_count":0,"_bbp_anonymous_reply_count":0,"_bbp_topic_count_hidden":0,"_bbp_reply_count_hidden":0,"_bbp_forum_subforum_count":0,"footnotes":""},"categories":[15,220,5,1,4],"tags":[85,79,16],"class_list":["post-5718","post","type-post","status-publish","format-standard","has-post-thumbnail","hentry","category-6e","category-cicle-superior","category-primaria","category-general","category-portada","tag-cicle-superior","tag-sise","tag-sortides"],"post_mailing_queue_ids":[],"_links":{"self":[{"href":"https:\/\/agora.xtec.cat\/ceippractiques2-lleida\/wp-json\/wp\/v2\/posts\/5718","targetHints":{"allow":["GET"]}}],"collection":[{"href":"https:\/\/agora.xtec.cat\/ceippractiques2-lleida\/wp-json\/wp\/v2\/posts"}],"about":[{"href":"https:\/\/agora.xtec.cat\/ceippractiques2-lleida\/wp-json\/wp\/v2\/types\/post"}],"author":[{"embeddable":true,"href":"https:\/\/agora.xtec.cat\/ceippractiques2-lleida\/wp-json\/wp\/v2\/users\/16"}],"replies":[{"embeddable":true,"href":"https:\/\/agora.xtec.cat\/ceippractiques2-lleida\/wp-json\/wp\/v2\/comments?post=5718"}],"version-history":[{"count":3,"href":"https:\/\/agora.xtec.cat\/ceippractiques2-lleida\/wp-json\/wp\/v2\/posts\/5718\/revisions"}],"predecessor-version":[{"id":5725,"href":"https:\/\/agora.xtec.cat\/ceippractiques2-lleida\/wp-json\/wp\/v2\/posts\/5718\/revisions\/5725"}],"wp:featuredmedia":[{"embeddable":true,"href":"https:\/\/agora.xtec.cat\/ceippractiques2-lleida\/wp-json\/wp\/v2\/media\/5722"}],"wp:attachment":[{"href":"https:\/\/agora.xtec.cat\/ceippractiques2-lleida\/wp-json\/wp\/v2\/media?parent=5718"}],"wp:term":[{"taxonomy":"category","embeddable":true,"href":"https:\/\/agora.xtec.cat\/ceippractiques2-lleida\/wp-json\/wp\/v2\/categories?post=5718"},{"taxonomy":"post_tag","embeddable":true,"href":"https:\/\/agora.xtec.cat\/ceippractiques2-lleida\/wp-json\/wp\/v2\/tags?post=5718"}],"curies":[{"name":"wp","href":"https:\/\/api.w.org\/{rel}","templated":true}]}}