{"id":5678,"date":"2022-07-05T19:56:06","date_gmt":"2022-07-05T17:56:06","guid":{"rendered":"https:\/\/agora.xtec.cat\/ceippractiques2-lleida\/?p=5678"},"modified":"2022-07-05T19:56:06","modified_gmt":"2022-07-05T17:56:06","slug":"festa-de-la-salut-a-educacio-infantil","status":"publish","type":"post","link":"https:\/\/agora.xtec.cat\/ceippractiques2-lleida\/general\/festa-de-la-salut-a-educacio-infantil\/","title":{"rendered":"FESTA DE LA SALUT A EDUCACI\u00d3 INFANTIL"},"content":{"rendered":"<p>El mes de juny \u00e9s un mes que ens porta molta alegria per un costat, ja que tenim moltes activitats diferents i divertides de cara a final de curs. Tamb\u00e9 ens dona una part de tristor perqu\u00e8 l&#8217;escola arriba a la seva fi, i una escola sense nens i nenes, amb les seves rialles no \u00e9s escola.<\/p>\n<p>Aix\u00ed que recuperem l\u2019alegria i amb molt carinyo us deixem les fotos de l\u2019\u00faltim dia al cole amb la <strong>Festa de la Salut<\/strong>. Ens ho hem passat pipa, em gaudit plegats dels jocs d\u2019aigua i hem passat un mat\u00ed molt divertit.<\/p>\n<p>Mireu, mireu&#8230;. segur que tamb\u00e9 us agafen ganes de jugar amb nosaltres.<\/p>\n<p>Tot l\u2019equip de mestres d\u2019educaci\u00f3 infantil us desitja un bon estiu.<\/p>\n<p><strong>Cliqueu damunt la imatge<\/strong><\/p>\n<p>&nbsp;<\/p>\n<p><a href=\"https:\/\/photos.app.goo.gl\/hhFpkHFdy7aRZ35Z6\" target=\"_blank\" rel=\"noopener\"><img loading=\"lazy\" decoding=\"async\" class=\"aligncenter wp-image-5686 size-medium\" src=\"https:\/\/agora.xtec.cat\/ceippractiques2-lleida\/wp-content\/uploads\/usu635\/2022\/06\/Captura-de-Pantalla-2022-07-05-a-las-0.10.06-300x168.png\" alt=\"\" width=\"300\" height=\"168\" srcset=\"https:\/\/agora.xtec.cat\/ceippractiques2-lleida\/wp-content\/uploads\/usu635\/2022\/06\/Captura-de-Pantalla-2022-07-05-a-las-0.10.06-300x168.png 300w, https:\/\/agora.xtec.cat\/ceippractiques2-lleida\/wp-content\/uploads\/usu635\/2022\/06\/Captura-de-Pantalla-2022-07-05-a-las-0.10.06-1024x572.png 1024w, https:\/\/agora.xtec.cat\/ceippractiques2-lleida\/wp-content\/uploads\/usu635\/2022\/06\/Captura-de-Pantalla-2022-07-05-a-las-0.10.06-768x429.png 768w, https:\/\/agora.xtec.cat\/ceippractiques2-lleida\/wp-content\/uploads\/usu635\/2022\/06\/Captura-de-Pantalla-2022-07-05-a-las-0.10.06.png 1300w\" sizes=\"auto, (max-width: 300px) 100vw, 300px\" \/><\/a><\/p>\n<p>&nbsp;<\/p>\n<p>&nbsp;<\/p>\n<p><iframe loading=\"lazy\" title=\"El Pot Petit - Viu l&#039;estiu! (videoclip oficial)\" width=\"500\" height=\"281\" src=\"https:\/\/www.youtube.com\/embed\/NC4A97nuZZY?feature=oembed\" frameborder=\"0\" allow=\"accelerometer; autoplay; clipboard-write; encrypted-media; gyroscope; picture-in-picture; web-share\" referrerpolicy=\"strict-origin-when-cross-origin\" allowfullscreen><\/iframe><\/p>\n","protected":false},"excerpt":{"rendered":"<p>El mes de juny \u00e9s un mes que ens porta molta alegria per un costat, ja que tenim moltes activitats diferents i divertides de cara a final de curs. Tamb\u00e9 ens dona una part de tristor perqu\u00e8 l&#8217;escola arriba a la seva fi, i una&hellip;  <a href=\"https:\/\/agora.xtec.cat\/ceippractiques2-lleida\/general\/festa-de-la-salut-a-educacio-infantil\/\" title=\"Read FESTA DE LA SALUT A EDUCACI\u00d3 INFANTIL\">Llegeix m\u00e9s\u00bb<\/a><\/p>\n","protected":false},"author":22,"featured_media":5686,"comment_status":"open","ping_status":"closed","sticky":false,"template":"","format":"standard","meta":{"_bbp_topic_count":0,"_bbp_reply_count":0,"_bbp_total_topic_count":0,"_bbp_total_reply_count":0,"_bbp_voice_count":0,"_bbp_anonymous_reply_count":0,"_bbp_topic_count_hidden":0,"_bbp_reply_count_hidden":0,"_bbp_forum_subforum_count":0,"footnotes":""},"categories":[2,1,3,8,9,4],"tags":[173,162,174,176,219,175,152,154,148,163],"class_list":["post-5678","post","type-post","status-publish","format-standard","has-post-thumbnail","hentry","category-infantil","category-general","category-i3","category-i4","category-i5","category-portada","tag-anecs","tag-caragols","tag-cavalls","tag-elefants","tag-festa-de-la-salut","tag-girafes","tag-p3","tag-p4","tag-p5","tag-tortugues"],"post_mailing_queue_ids":[],"_links":{"self":[{"href":"https:\/\/agora.xtec.cat\/ceippractiques2-lleida\/wp-json\/wp\/v2\/posts\/5678","targetHints":{"allow":["GET"]}}],"collection":[{"href":"https:\/\/agora.xtec.cat\/ceippractiques2-lleida\/wp-json\/wp\/v2\/posts"}],"about":[{"href":"https:\/\/agora.xtec.cat\/ceippractiques2-lleida\/wp-json\/wp\/v2\/types\/post"}],"author":[{"embeddable":true,"href":"https:\/\/agora.xtec.cat\/ceippractiques2-lleida\/wp-json\/wp\/v2\/users\/22"}],"replies":[{"embeddable":true,"href":"https:\/\/agora.xtec.cat\/ceippractiques2-lleida\/wp-json\/wp\/v2\/comments?post=5678"}],"version-history":[{"count":3,"href":"https:\/\/agora.xtec.cat\/ceippractiques2-lleida\/wp-json\/wp\/v2\/posts\/5678\/revisions"}],"predecessor-version":[{"id":5688,"href":"https:\/\/agora.xtec.cat\/ceippractiques2-lleida\/wp-json\/wp\/v2\/posts\/5678\/revisions\/5688"}],"wp:featuredmedia":[{"embeddable":true,"href":"https:\/\/agora.xtec.cat\/ceippractiques2-lleida\/wp-json\/wp\/v2\/media\/5686"}],"wp:attachment":[{"href":"https:\/\/agora.xtec.cat\/ceippractiques2-lleida\/wp-json\/wp\/v2\/media?parent=5678"}],"wp:term":[{"taxonomy":"category","embeddable":true,"href":"https:\/\/agora.xtec.cat\/ceippractiques2-lleida\/wp-json\/wp\/v2\/categories?post=5678"},{"taxonomy":"post_tag","embeddable":true,"href":"https:\/\/agora.xtec.cat\/ceippractiques2-lleida\/wp-json\/wp\/v2\/tags?post=5678"}],"curies":[{"name":"wp","href":"https:\/\/api.w.org\/{rel}","templated":true}]}}