{"id":5661,"date":"2022-06-17T18:24:59","date_gmt":"2022-06-17T16:24:59","guid":{"rendered":"https:\/\/agora.xtec.cat\/ceippractiques2-lleida\/?p=5661"},"modified":"2022-06-17T18:24:59","modified_gmt":"2022-06-17T16:24:59","slug":"sortida-a-la-casa-dels-gegants-a-p3","status":"publish","type":"post","link":"https:\/\/agora.xtec.cat\/ceippractiques2-lleida\/general\/sortida-a-la-casa-dels-gegants-a-p3\/","title":{"rendered":"SORTIDA A LA CASA DELS GEGANTS A P3"},"content":{"rendered":"<p>El divendres 17 de juny els nens i les nenes de P3 hem anat de visita a la Casa dels Gegants. Hem pogut con\u00e8ixer els diferents elements del seguici de la festa major que vam anar anar descobrint en el projecte fet aquest \u00faltim trimestre.<\/p>\n<p>Ens ho hem passat d&#8217;all\u00f2 m\u00e9s b\u00e9 i hem pogut aprendre molt\u00edssimes m\u00e9s coses sobre els gegants i les gegantes, els Marracos, els capgrossos, els timbalers, el ball de cavallets i els marraquets. Ens ha agradat molt i esperem que a vosaltres tamb\u00e9 us agradi veure com hem gaudit d&#8217;aquesta experi\u00e8ncia.<\/p>\n<p>Cliqueu a la imatge per descobrir-ho.<\/p>\n<p><a href=\"https:\/\/photos.app.goo.gl\/jcKut1g9CeygVMty7\" target=\"_blank\" rel=\"noopener\"><img loading=\"lazy\" decoding=\"async\" class=\"aligncenter wp-image-5662 size-medium\" src=\"https:\/\/agora.xtec.cat\/ceippractiques2-lleida\/wp-content\/uploads\/usu635\/2022\/06\/casa-dels-gegants-300x114.jpeg\" alt=\"\" width=\"300\" height=\"114\" srcset=\"https:\/\/agora.xtec.cat\/ceippractiques2-lleida\/wp-content\/uploads\/usu635\/2022\/06\/casa-dels-gegants-300x114.jpeg 300w, https:\/\/agora.xtec.cat\/ceippractiques2-lleida\/wp-content\/uploads\/usu635\/2022\/06\/casa-dels-gegants.jpeg 567w\" sizes=\"auto, (max-width: 300px) 100vw, 300px\" \/><\/a><\/p>\n","protected":false},"excerpt":{"rendered":"<p>El divendres 17 de juny els nens i les nenes de P3 hem anat de visita a la Casa dels Gegants. Hem pogut con\u00e8ixer els diferents elements del seguici de la festa major que vam anar anar descobrint en el projecte fet aquest \u00faltim trimestre.<br \/>\nEns&hellip;  <a href=\"https:\/\/agora.xtec.cat\/ceippractiques2-lleida\/general\/sortida-a-la-casa-dels-gegants-a-p3\/\" title=\"Read SORTIDA A LA CASA DELS GEGANTS A P3\">Llegeix m\u00e9s\u00bb<\/a><\/p>\n","protected":false},"author":17,"featured_media":5662,"comment_status":"open","ping_status":"closed","sticky":false,"template":"","format":"standard","meta":{"_bbp_topic_count":0,"_bbp_reply_count":0,"_bbp_total_topic_count":0,"_bbp_total_reply_count":0,"_bbp_voice_count":0,"_bbp_anonymous_reply_count":0,"_bbp_topic_count_hidden":0,"_bbp_reply_count_hidden":0,"_bbp_forum_subforum_count":0,"footnotes":""},"categories":[2,1,3,4],"tags":[162,218,152,163],"class_list":["post-5661","post","type-post","status-publish","format-standard","has-post-thumbnail","hentry","category-infantil","category-general","category-i3","category-portada","tag-caragols","tag-la-casa-dels-gegants","tag-p3","tag-tortugues"],"post_mailing_queue_ids":[],"_links":{"self":[{"href":"https:\/\/agora.xtec.cat\/ceippractiques2-lleida\/wp-json\/wp\/v2\/posts\/5661","targetHints":{"allow":["GET"]}}],"collection":[{"href":"https:\/\/agora.xtec.cat\/ceippractiques2-lleida\/wp-json\/wp\/v2\/posts"}],"about":[{"href":"https:\/\/agora.xtec.cat\/ceippractiques2-lleida\/wp-json\/wp\/v2\/types\/post"}],"author":[{"embeddable":true,"href":"https:\/\/agora.xtec.cat\/ceippractiques2-lleida\/wp-json\/wp\/v2\/users\/17"}],"replies":[{"embeddable":true,"href":"https:\/\/agora.xtec.cat\/ceippractiques2-lleida\/wp-json\/wp\/v2\/comments?post=5661"}],"version-history":[{"count":2,"href":"https:\/\/agora.xtec.cat\/ceippractiques2-lleida\/wp-json\/wp\/v2\/posts\/5661\/revisions"}],"predecessor-version":[{"id":5664,"href":"https:\/\/agora.xtec.cat\/ceippractiques2-lleida\/wp-json\/wp\/v2\/posts\/5661\/revisions\/5664"}],"wp:featuredmedia":[{"embeddable":true,"href":"https:\/\/agora.xtec.cat\/ceippractiques2-lleida\/wp-json\/wp\/v2\/media\/5662"}],"wp:attachment":[{"href":"https:\/\/agora.xtec.cat\/ceippractiques2-lleida\/wp-json\/wp\/v2\/media?parent=5661"}],"wp:term":[{"taxonomy":"category","embeddable":true,"href":"https:\/\/agora.xtec.cat\/ceippractiques2-lleida\/wp-json\/wp\/v2\/categories?post=5661"},{"taxonomy":"post_tag","embeddable":true,"href":"https:\/\/agora.xtec.cat\/ceippractiques2-lleida\/wp-json\/wp\/v2\/tags?post=5661"}],"curies":[{"name":"wp","href":"https:\/\/api.w.org\/{rel}","templated":true}]}}