{"id":5651,"date":"2022-06-16T09:16:56","date_gmt":"2022-06-16T07:16:56","guid":{"rendered":"https:\/\/agora.xtec.cat\/ceippractiques2-lleida\/?p=5651"},"modified":"2022-06-16T09:16:56","modified_gmt":"2022-06-16T07:16:56","slug":"sortida-al-parc-natural-de-la-mitjana-a-p4","status":"publish","type":"post","link":"https:\/\/agora.xtec.cat\/ceippractiques2-lleida\/general\/sortida-al-parc-natural-de-la-mitjana-a-p4\/","title":{"rendered":"SORTIDA AL PARC NATURAL DE LA MITJANA A P4"},"content":{"rendered":"<p>El dia 14 de juny els alumnes de P4 han realitzat la sortida al parc natural de la\u00a0 Mitjana.\u00a0 Un espai meravell\u00f2s per realitzar activitats de descoberta del nostre medi natural m\u00e9s proper. Un parc que permet gaudir dels espais naturals de la nostra ciutat.<\/p>\n<p>Ens ho vam passar molt i molt b\u00e9. Els nens i nenes van descobrir petits animalons i els seus caus. Amb l&#8217;ajut de les lupes i els pots lupa van poder observar les caracter\u00edstiques m\u00e9s curioses d&#8217;aquests animals. Tot i passar molta calor, ens ho vam passar d&#8217;all\u00f2 m\u00e9s b\u00e9.<\/p>\n<p>Ho voleu veure fam\u00edlies? Doncs, som-hi !!!!!!!<\/p>\n<p><a href=\"https:\/\/photos.app.goo.gl\/2b8KBN1JqeRMZgLcA\">Cliqueu damunt la foto<img loading=\"lazy\" decoding=\"async\" class=\"wp-image-5652 aligncenter\" src=\"https:\/\/agora.xtec.cat\/ceippractiques2-lleida\/wp-content\/uploads\/usu635\/2022\/06\/foto-article-portada-reduida.jpg\" alt=\"\" width=\"654\" height=\"368\" srcset=\"https:\/\/agora.xtec.cat\/ceippractiques2-lleida\/wp-content\/uploads\/usu635\/2022\/06\/foto-article-portada-reduida.jpg 768w, https:\/\/agora.xtec.cat\/ceippractiques2-lleida\/wp-content\/uploads\/usu635\/2022\/06\/foto-article-portada-reduida-300x169.jpg 300w\" sizes=\"auto, (max-width: 654px) 100vw, 654px\" \/><\/a><\/p>\n<p>&nbsp;<\/p>\n","protected":false},"excerpt":{"rendered":"<p>El dia 14 de juny els alumnes de P4 han realitzat la sortida al parc natural de la\u00a0 Mitjana.\u00a0 Un espai meravell\u00f2s per realitzar activitats de descoberta del nostre medi natural m\u00e9s proper. Un parc que permet gaudir dels espais naturals de la nostra ciutat.<br \/>\nEns&hellip;  <a href=\"https:\/\/agora.xtec.cat\/ceippractiques2-lleida\/general\/sortida-al-parc-natural-de-la-mitjana-a-p4\/\" title=\"Read SORTIDA AL PARC NATURAL DE LA MITJANA A P4\">Llegeix m\u00e9s\u00bb<\/a><\/p>\n","protected":false},"author":22,"featured_media":5652,"comment_status":"open","ping_status":"closed","sticky":false,"template":"","format":"standard","meta":{"_bbp_topic_count":0,"_bbp_reply_count":0,"_bbp_total_topic_count":0,"_bbp_total_reply_count":0,"_bbp_voice_count":0,"_bbp_anonymous_reply_count":0,"_bbp_topic_count_hidden":0,"_bbp_reply_count_hidden":0,"_bbp_forum_subforum_count":0,"footnotes":""},"categories":[2,1,8,4],"tags":[],"class_list":["post-5651","post","type-post","status-publish","format-standard","has-post-thumbnail","hentry","category-infantil","category-general","category-i4","category-portada"],"post_mailing_queue_ids":[],"_links":{"self":[{"href":"https:\/\/agora.xtec.cat\/ceippractiques2-lleida\/wp-json\/wp\/v2\/posts\/5651","targetHints":{"allow":["GET"]}}],"collection":[{"href":"https:\/\/agora.xtec.cat\/ceippractiques2-lleida\/wp-json\/wp\/v2\/posts"}],"about":[{"href":"https:\/\/agora.xtec.cat\/ceippractiques2-lleida\/wp-json\/wp\/v2\/types\/post"}],"author":[{"embeddable":true,"href":"https:\/\/agora.xtec.cat\/ceippractiques2-lleida\/wp-json\/wp\/v2\/users\/22"}],"replies":[{"embeddable":true,"href":"https:\/\/agora.xtec.cat\/ceippractiques2-lleida\/wp-json\/wp\/v2\/comments?post=5651"}],"version-history":[{"count":3,"href":"https:\/\/agora.xtec.cat\/ceippractiques2-lleida\/wp-json\/wp\/v2\/posts\/5651\/revisions"}],"predecessor-version":[{"id":5660,"href":"https:\/\/agora.xtec.cat\/ceippractiques2-lleida\/wp-json\/wp\/v2\/posts\/5651\/revisions\/5660"}],"wp:featuredmedia":[{"embeddable":true,"href":"https:\/\/agora.xtec.cat\/ceippractiques2-lleida\/wp-json\/wp\/v2\/media\/5652"}],"wp:attachment":[{"href":"https:\/\/agora.xtec.cat\/ceippractiques2-lleida\/wp-json\/wp\/v2\/media?parent=5651"}],"wp:term":[{"taxonomy":"category","embeddable":true,"href":"https:\/\/agora.xtec.cat\/ceippractiques2-lleida\/wp-json\/wp\/v2\/categories?post=5651"},{"taxonomy":"post_tag","embeddable":true,"href":"https:\/\/agora.xtec.cat\/ceippractiques2-lleida\/wp-json\/wp\/v2\/tags?post=5651"}],"curies":[{"name":"wp","href":"https:\/\/api.w.org\/{rel}","templated":true}]}}