{"id":5601,"date":"2022-06-03T12:24:42","date_gmt":"2022-06-03T10:24:42","guid":{"rendered":"https:\/\/agora.xtec.cat\/ceippractiques2-lleida\/?p=5601"},"modified":"2022-06-03T12:27:43","modified_gmt":"2022-06-03T10:27:43","slug":"cicle-inicial-fa-una-gimcana","status":"publish","type":"post","link":"https:\/\/agora.xtec.cat\/ceippractiques2-lleida\/general\/cicle-inicial-fa-una-gimcana\/","title":{"rendered":"CICLE INICIAL FA UNA GIMCANA"},"content":{"rendered":"<p>El passat dijous 26 de maig i \u00a0ahir 2 de juny els nens i les nenes de cicle inicial, vam poder anar d\u2019excursi\u00f3 al parc de les Magn\u00f2lies a realitzar una activitat sobre el canvi clim\u00e0tic. Ens van preparar una gimcana molt divertida que vam poder fer per grups. Vam poder aprendre a reciclar, a con\u00e8ixer productes sostenibles, les causes del canvi clim\u00e0tic i moltes altres coses.<\/p>\n<p>Tamb\u00e9 va ser un bon moment per jugar i gaudir d\u2019un espai proper a l\u2019escola i que forma part de la quotidianitat dels infants.<br \/>\nAqu\u00ed us deixem un recull de fotos que esperem que us agradin!!!<\/p>\n<p><a href=\"https:\/\/photos.app.goo.gl\/CFphb6p8uvwf9M1K7\" target=\"_blank\" rel=\"noopener\"><img loading=\"lazy\" decoding=\"async\" class=\"alignnone  wp-image-5604\" src=\"https:\/\/agora.xtec.cat\/ceippractiques2-lleida\/wp-content\/uploads\/usu635\/2022\/06\/tapa-nova-1024x768.jpg\" alt=\"\" width=\"512\" height=\"384\" srcset=\"https:\/\/agora.xtec.cat\/ceippractiques2-lleida\/wp-content\/uploads\/usu635\/2022\/06\/tapa-nova-1024x768.jpg 1024w, https:\/\/agora.xtec.cat\/ceippractiques2-lleida\/wp-content\/uploads\/usu635\/2022\/06\/tapa-nova-300x225.jpg 300w, https:\/\/agora.xtec.cat\/ceippractiques2-lleida\/wp-content\/uploads\/usu635\/2022\/06\/tapa-nova-768x576.jpg 768w, https:\/\/agora.xtec.cat\/ceippractiques2-lleida\/wp-content\/uploads\/usu635\/2022\/06\/tapa-nova-1536x1152.jpg 1536w, https:\/\/agora.xtec.cat\/ceippractiques2-lleida\/wp-content\/uploads\/usu635\/2022\/06\/tapa-nova-200x150.jpg 200w, https:\/\/agora.xtec.cat\/ceippractiques2-lleida\/wp-content\/uploads\/usu635\/2022\/06\/tapa-nova.jpg 2048w\" sizes=\"auto, (max-width: 512px) 100vw, 512px\" \/><\/a><\/p>\n","protected":false},"excerpt":{"rendered":"<p>El passat dijous 26 de maig i \u00a0ahir 2 de juny els nens i les nenes de cicle inicial, vam poder anar d\u2019excursi\u00f3 al parc de les Magn\u00f2lies a realitzar una activitat sobre el canvi clim\u00e0tic. Ens van preparar una gimcana molt divertida que vam&hellip;  <a href=\"https:\/\/agora.xtec.cat\/ceippractiques2-lleida\/general\/cicle-inicial-fa-una-gimcana\/\" title=\"Read CICLE INICIAL FA UNA GIMCANA\">Llegeix m\u00e9s\u00bb<\/a><\/p>\n","protected":false},"author":16,"featured_media":5604,"comment_status":"open","ping_status":"closed","sticky":false,"template":"","format":"standard","meta":{"_bbp_topic_count":0,"_bbp_reply_count":0,"_bbp_total_topic_count":0,"_bbp_total_reply_count":0,"_bbp_voice_count":0,"_bbp_anonymous_reply_count":0,"_bbp_topic_count_hidden":0,"_bbp_reply_count_hidden":0,"_bbp_forum_subforum_count":0,"footnotes":""},"categories":[10,11,215,5,1,4],"tags":[],"class_list":["post-5601","post","type-post","status-publish","format-standard","has-post-thumbnail","hentry","category-1r","category-2n","category-cicle-inicial","category-primaria","category-general","category-portada"],"post_mailing_queue_ids":[],"_links":{"self":[{"href":"https:\/\/agora.xtec.cat\/ceippractiques2-lleida\/wp-json\/wp\/v2\/posts\/5601","targetHints":{"allow":["GET"]}}],"collection":[{"href":"https:\/\/agora.xtec.cat\/ceippractiques2-lleida\/wp-json\/wp\/v2\/posts"}],"about":[{"href":"https:\/\/agora.xtec.cat\/ceippractiques2-lleida\/wp-json\/wp\/v2\/types\/post"}],"author":[{"embeddable":true,"href":"https:\/\/agora.xtec.cat\/ceippractiques2-lleida\/wp-json\/wp\/v2\/users\/16"}],"replies":[{"embeddable":true,"href":"https:\/\/agora.xtec.cat\/ceippractiques2-lleida\/wp-json\/wp\/v2\/comments?post=5601"}],"version-history":[{"count":2,"href":"https:\/\/agora.xtec.cat\/ceippractiques2-lleida\/wp-json\/wp\/v2\/posts\/5601\/revisions"}],"predecessor-version":[{"id":5605,"href":"https:\/\/agora.xtec.cat\/ceippractiques2-lleida\/wp-json\/wp\/v2\/posts\/5601\/revisions\/5605"}],"wp:featuredmedia":[{"embeddable":true,"href":"https:\/\/agora.xtec.cat\/ceippractiques2-lleida\/wp-json\/wp\/v2\/media\/5604"}],"wp:attachment":[{"href":"https:\/\/agora.xtec.cat\/ceippractiques2-lleida\/wp-json\/wp\/v2\/media?parent=5601"}],"wp:term":[{"taxonomy":"category","embeddable":true,"href":"https:\/\/agora.xtec.cat\/ceippractiques2-lleida\/wp-json\/wp\/v2\/categories?post=5601"},{"taxonomy":"post_tag","embeddable":true,"href":"https:\/\/agora.xtec.cat\/ceippractiques2-lleida\/wp-json\/wp\/v2\/tags?post=5601"}],"curies":[{"name":"wp","href":"https:\/\/api.w.org\/{rel}","templated":true}]}}